{"id":321,"date":"2020-12-11T05:19:03","date_gmt":"2020-12-11T05:19:03","guid":{"rendered":"https:\/\/laicitequebec.org\/?p=321"},"modified":"2021-05-26T03:12:02","modified_gmt":"2021-05-26T03:12:02","slug":"analyse-de-louise-mailloux","status":"publish","type":"post","link":"https:\/\/laicitequebec.org\/?p=321","title":{"rendered":"Analyse de Louise Mailloux"},"content":{"rendered":"<p>Nous vous pr\u00e9sentons ici les faits saillants et l\u2019analyse de Louise Mailloux concernant le d\u00e9roulement de la contestation en Cour sup\u00e9rieure du Qu\u00e9bec de la Loi sur la la\u00efcit\u00e9 de l\u2019\u00c9tat qui a d\u00e9but\u00e9 le 2 novembre 2020.<\/p>\n<p><em><img loading=\"lazy\" decoding=\"async\" class=\"size-full wp-image-335 alignleft\" src=\"https:\/\/laicitequebec.org\/wp-content\/uploads\/2020\/11\/Louise-Mailloux.jpg\" alt=\"\" width=\"254\" height=\"168\" srcset=\"https:\/\/laicitequebec.org\/wp-content\/uploads\/2020\/11\/Louise-Mailloux.jpg 254w, https:\/\/laicitequebec.org\/wp-content\/uploads\/2020\/11\/Louise-Mailloux-24x16.jpg 24w, https:\/\/laicitequebec.org\/wp-content\/uploads\/2020\/11\/Louise-Mailloux-36x24.jpg 36w, https:\/\/laicitequebec.org\/wp-content\/uploads\/2020\/11\/Louise-Mailloux-48x32.jpg 48w\" sizes=\"auto, (max-width: 254px) 100vw, 254px\" \/><\/em><\/p>\n<p>&nbsp;<\/p>\n<p><em>Ph<\/em><em>i<\/em><em>losophe, conf\u00e9renci\u00e8re et essayiste, Louise Mailloux est l\u2019auteure de deux ouvrages portant sur la la\u00efcit\u00e9, \u00abLa la\u00efcit\u00e9 \u00e7a s\u2019impose\u00bb et \u00abUne Charte pour la nation\u00bb. Elle a aussi collabor\u00e9 au \u00abDictionnaire de la la\u00efcit\u00e9\u00bb publi\u00e9 chez Armand Colin. En 2009, elle a cofond\u00e9 le Collectif citoyen pour l\u2019\u00e9galit\u00e9 et la la\u00efcit\u00e9.\u00a0<\/em><\/p>\n<p><a href=\"https:\/\/louisemailloux.wordpress.com\/\" target=\"_blank\" rel=\"noopener noreferrer\">Site personnel de Louise Mailloux<\/a><\/p>\n<p>&nbsp;<\/p>\n<h2 class=\"entry-title\">Proc\u00e8s contre la loi 21<br \/>\n<span style=\"color: #0000ff;\"><a style=\"color: #0000ff;\" href=\"https:\/\/laicitequebec.org\/?p=437\" target=\"_blank\" rel=\"noopener\">Jour 1<\/a> &#8211;\u00a0<a style=\"color: #0000ff;\" href=\"https:\/\/laicitequebec.org\/?p=465\" target=\"_blank\" rel=\"noopener\">Jour 2<\/a> &#8211;\u00a0<a style=\"color: #0000ff;\" href=\"https:\/\/laicitequebec.org\/?p=511\" target=\"_blank\" rel=\"bookmark noopener\">Jour 2 (suite)<\/a> &#8211;\u00a0<a style=\"color: #0000ff;\" href=\"https:\/\/laicitequebec.org\/?p=554\" target=\"_blank\" rel=\"noopener\">Jour 3 &amp; 4<\/a> &#8211;\u00a0<a style=\"color: #0000ff;\" href=\"https:\/\/laicitequebec.org\/?p=714\" target=\"_blank\" rel=\"noopener\">Jour 10 <\/a>&#8211;\u00a0<a style=\"color: #0000ff;\" href=\"https:\/\/laicitequebec.org\/?p=925\" target=\"_blank\" rel=\"noopener\">Jour 25<\/a><\/span><\/h2>\n","protected":false},"excerpt":{"rendered":"<p>Nous vous pr\u00e9sentons ici les faits saillants et l\u2019analyse de Louise Mailloux concernant le d\u00e9roulement de la contestation en Cour sup\u00e9rieure du Qu\u00e9bec de la Loi sur la la\u00efcit\u00e9 de l\u2019\u00c9tat qui a d\u00e9but\u00e9 le 2 novembre 2020. &nbsp; Philosophe, conf\u00e9renci\u00e8re et essayiste, Louise Mailloux est l\u2019auteure de deux ouvrages portant sur la la\u00efcit\u00e9, \u00abLa [&hellip;]<\/p>\n","protected":false},"author":1,"featured_media":0,"comment_status":"closed","ping_status":"open","sticky":true,"template":"","format":"standard","meta":{"rop_custom_images_group":[],"rop_custom_messages_group":[],"rop_publish_now":"initial","rop_publish_now_accounts":[],"rop_publish_now_history":[],"rop_publish_now_status":"pending","_monsterinsights_skip_tracking":false,"_monsterinsights_sitenote_active":false,"_monsterinsights_sitenote_note":"","_monsterinsights_sitenote_category":0,"_themeisle_gutenberg_block_has_review":false,"footnotes":""},"categories":[8],"tags":[],"class_list":["post-321","post","type-post","status-publish","format-standard","hentry","category-analyse-louise-mailloux"],"yoast_head":"<!-- This site is optimized with the Yoast SEO plugin v27.4 - https:\/\/yoast.com\/product\/yoast-seo-wordpress\/ -->\n<title>Analyse de Louise Mailloux - Rassemblement pour la la\u00efcit\u00e9 (RPL)<\/title>\n<meta name=\"robots\" content=\"index, follow, max-snippet:-1, max-image-preview:large, max-video-preview:-1\" \/>\n<link rel=\"canonical\" href=\"https:\/\/laicitequebec.org\/?p=321\" \/>\n<meta property=\"og:locale\" content=\"fr_FR\" \/>\n<meta property=\"og:type\" content=\"article\" \/>\n<meta property=\"og:title\" content=\"Analyse de Louise Mailloux - Rassemblement pour la la\u00efcit\u00e9 (RPL)\" \/>\n<meta property=\"og:description\" content=\"Nous vous pr\u00e9sentons ici les faits saillants et l\u2019analyse de Louise Mailloux concernant le d\u00e9roulement de la contestation en Cour sup\u00e9rieure du Qu\u00e9bec de la Loi sur la la\u00efcit\u00e9 de l\u2019\u00c9tat qui a d\u00e9but\u00e9 le 2 novembre 2020. &nbsp; Philosophe, conf\u00e9renci\u00e8re et essayiste, Louise Mailloux est l\u2019auteure de deux ouvrages portant sur la la\u00efcit\u00e9, \u00abLa [&hellip;]\" \/>\n<meta property=\"og:url\" content=\"https:\/\/laicitequebec.org\/?p=321\" \/>\n<meta property=\"og:site_name\" content=\"Rassemblement pour la la\u00efcit\u00e9 (RPL)\" \/>\n<meta property=\"article:publisher\" content=\"https:\/\/laicitequebec.org\/qui-sommes-nous\/\" \/>\n<meta property=\"article:published_time\" content=\"2020-12-11T05:19:03+00:00\" \/>\n<meta property=\"article:modified_time\" content=\"2021-05-26T03:12:02+00:00\" \/>\n<meta property=\"og:image\" content=\"https:\/\/laicitequebec.org\/wp-content\/uploads\/2020\/11\/Louise-Mailloux.jpg\" \/>\n<meta name=\"author\" content=\"laicitequebec\" \/>\n<meta name=\"twitter:card\" content=\"summary_large_image\" \/>\n<meta name=\"twitter:creator\" content=\"@RPLQuebec\" \/>\n<meta name=\"twitter:site\" content=\"@RPLQuebec\" \/>\n<meta name=\"twitter:label1\" content=\"\u00c9crit par\" \/>\n\t<meta name=\"twitter:data1\" content=\"laicitequebec\" \/>\n\t<meta name=\"twitter:label2\" content=\"Dur\u00e9e de lecture estim\u00e9e\" \/>\n\t<meta name=\"twitter:data2\" content=\"1 minute\" \/>\n<script type=\"application\/ld+json\" class=\"yoast-schema-graph\">{\"@context\":\"https:\\\/\\\/schema.org\",\"@graph\":[{\"@type\":\"Article\",\"@id\":\"https:\\\/\\\/laicitequebec.org\\\/?p=321#article\",\"isPartOf\":{\"@id\":\"https:\\\/\\\/laicitequebec.org\\\/?p=321\"},\"author\":{\"name\":\"laicitequebec\",\"@id\":\"https:\\\/\\\/laicitequebec.org\\\/#\\\/schema\\\/person\\\/bfdceea5d5a8d0c651ba9252c550adf7\"},\"headline\":\"Analyse de Louise Mailloux\",\"datePublished\":\"2020-12-11T05:19:03+00:00\",\"dateModified\":\"2021-05-26T03:12:02+00:00\",\"mainEntityOfPage\":{\"@id\":\"https:\\\/\\\/laicitequebec.org\\\/?p=321\"},\"wordCount\":134,\"publisher\":{\"@id\":\"https:\\\/\\\/laicitequebec.org\\\/#organization\"},\"image\":{\"@id\":\"https:\\\/\\\/laicitequebec.org\\\/?p=321#primaryimage\"},\"thumbnailUrl\":\"https:\\\/\\\/laicitequebec.org\\\/wp-content\\\/uploads\\\/2020\\\/11\\\/Louise-Mailloux.jpg\",\"articleSection\":[\"Analyse de Louise Mailloux\"],\"inLanguage\":\"fr-FR\"},{\"@type\":\"WebPage\",\"@id\":\"https:\\\/\\\/laicitequebec.org\\\/?p=321\",\"url\":\"https:\\\/\\\/laicitequebec.org\\\/?p=321\",\"name\":\"Analyse de Louise Mailloux - Rassemblement pour la la\u00efcit\u00e9 (RPL)\",\"isPartOf\":{\"@id\":\"https:\\\/\\\/laicitequebec.org\\\/#website\"},\"primaryImageOfPage\":{\"@id\":\"https:\\\/\\\/laicitequebec.org\\\/?p=321#primaryimage\"},\"image\":{\"@id\":\"https:\\\/\\\/laicitequebec.org\\\/?p=321#primaryimage\"},\"thumbnailUrl\":\"https:\\\/\\\/laicitequebec.org\\\/wp-content\\\/uploads\\\/2020\\\/11\\\/Louise-Mailloux.jpg\",\"datePublished\":\"2020-12-11T05:19:03+00:00\",\"dateModified\":\"2021-05-26T03:12:02+00:00\",\"breadcrumb\":{\"@id\":\"https:\\\/\\\/laicitequebec.org\\\/?p=321#breadcrumb\"},\"inLanguage\":\"fr-FR\",\"potentialAction\":[{\"@type\":\"ReadAction\",\"target\":[\"https:\\\/\\\/laicitequebec.org\\\/?p=321\"]}]},{\"@type\":\"ImageObject\",\"inLanguage\":\"fr-FR\",\"@id\":\"https:\\\/\\\/laicitequebec.org\\\/?p=321#primaryimage\",\"url\":\"https:\\\/\\\/laicitequebec.org\\\/wp-content\\\/uploads\\\/2020\\\/11\\\/Louise-Mailloux.jpg\",\"contentUrl\":\"https:\\\/\\\/laicitequebec.org\\\/wp-content\\\/uploads\\\/2020\\\/11\\\/Louise-Mailloux.jpg\",\"width\":254,\"height\":168},{\"@type\":\"BreadcrumbList\",\"@id\":\"https:\\\/\\\/laicitequebec.org\\\/?p=321#breadcrumb\",\"itemListElement\":[{\"@type\":\"ListItem\",\"position\":1,\"name\":\"Accueil\",\"item\":\"https:\\\/\\\/laicitequebec.org\\\/\"},{\"@type\":\"ListItem\",\"position\":2,\"name\":\"Analyse de Louise Mailloux\"}]},{\"@type\":\"WebSite\",\"@id\":\"https:\\\/\\\/laicitequebec.org\\\/#website\",\"url\":\"https:\\\/\\\/laicitequebec.org\\\/\",\"name\":\"Laicit\u00e9 Qu\u00e9bec\",\"description\":\"Pour la la\u00efcit\u00e9 au Qu\u00e9bec\",\"publisher\":{\"@id\":\"https:\\\/\\\/laicitequebec.org\\\/#organization\"},\"potentialAction\":[{\"@type\":\"SearchAction\",\"target\":{\"@type\":\"EntryPoint\",\"urlTemplate\":\"https:\\\/\\\/laicitequebec.org\\\/?s={search_term_string}\"},\"query-input\":{\"@type\":\"PropertyValueSpecification\",\"valueRequired\":true,\"valueName\":\"search_term_string\"}}],\"inLanguage\":\"fr-FR\"},{\"@type\":\"Organization\",\"@id\":\"https:\\\/\\\/laicitequebec.org\\\/#organization\",\"name\":\"Rassemblement pour la laicit\u00e9\",\"url\":\"https:\\\/\\\/laicitequebec.org\\\/\",\"logo\":{\"@type\":\"ImageObject\",\"inLanguage\":\"fr-FR\",\"@id\":\"https:\\\/\\\/laicitequebec.org\\\/#\\\/schema\\\/logo\\\/image\\\/\",\"url\":\"https:\\\/\\\/laicitequebec.org\\\/wp-content\\\/uploads\\\/2020\\\/11\\\/cropped-Rassemblement-pour-la-laicite.png\",\"contentUrl\":\"https:\\\/\\\/laicitequebec.org\\\/wp-content\\\/uploads\\\/2020\\\/11\\\/cropped-Rassemblement-pour-la-laicite.png\",\"width\":143,\"height\":142,\"caption\":\"Rassemblement pour la laicit\u00e9\"},\"image\":{\"@id\":\"https:\\\/\\\/laicitequebec.org\\\/#\\\/schema\\\/logo\\\/image\\\/\"},\"sameAs\":[\"https:\\\/\\\/laicitequebec.org\\\/qui-sommes-nous\\\/\",\"https:\\\/\\\/x.com\\\/RPLQuebec\"]},{\"@type\":\"Person\",\"@id\":\"https:\\\/\\\/laicitequebec.org\\\/#\\\/schema\\\/person\\\/bfdceea5d5a8d0c651ba9252c550adf7\",\"name\":\"laicitequebec\",\"image\":{\"@type\":\"ImageObject\",\"inLanguage\":\"fr-FR\",\"@id\":\"https:\\\/\\\/secure.gravatar.com\\\/avatar\\\/73b396d569afdc2a27c16aa8d46d0b0e20f5e2ea590ab52f22194fcc228f9f94?s=96&d=mm&r=g\",\"url\":\"https:\\\/\\\/secure.gravatar.com\\\/avatar\\\/73b396d569afdc2a27c16aa8d46d0b0e20f5e2ea590ab52f22194fcc228f9f94?s=96&d=mm&r=g\",\"contentUrl\":\"https:\\\/\\\/secure.gravatar.com\\\/avatar\\\/73b396d569afdc2a27c16aa8d46d0b0e20f5e2ea590ab52f22194fcc228f9f94?s=96&d=mm&r=g\",\"caption\":\"laicitequebec\"}}]}<\/script>\n<!-- \/ Yoast SEO plugin. -->","yoast_head_json":{"title":"Analyse de Louise Mailloux - Rassemblement pour la la\u00efcit\u00e9 (RPL)","robots":{"index":"index","follow":"follow","max-snippet":"max-snippet:-1","max-image-preview":"max-image-preview:large","max-video-preview":"max-video-preview:-1"},"canonical":"https:\/\/laicitequebec.org\/?p=321","og_locale":"fr_FR","og_type":"article","og_title":"Analyse de Louise Mailloux - Rassemblement pour la la\u00efcit\u00e9 (RPL)","og_description":"Nous vous pr\u00e9sentons ici les faits saillants et l\u2019analyse de Louise Mailloux concernant le d\u00e9roulement de la contestation en Cour sup\u00e9rieure du Qu\u00e9bec de la Loi sur la la\u00efcit\u00e9 de l\u2019\u00c9tat qui a d\u00e9but\u00e9 le 2 novembre 2020. &nbsp; Philosophe, conf\u00e9renci\u00e8re et essayiste, Louise Mailloux est l\u2019auteure de deux ouvrages portant sur la la\u00efcit\u00e9, \u00abLa [&hellip;]","og_url":"https:\/\/laicitequebec.org\/?p=321","og_site_name":"Rassemblement pour la la\u00efcit\u00e9 (RPL)","article_publisher":"https:\/\/laicitequebec.org\/qui-sommes-nous\/","article_published_time":"2020-12-11T05:19:03+00:00","article_modified_time":"2021-05-26T03:12:02+00:00","og_image":[{"url":"https:\/\/laicitequebec.org\/wp-content\/uploads\/2020\/11\/Louise-Mailloux.jpg","type":"","width":"","height":""}],"author":"laicitequebec","twitter_card":"summary_large_image","twitter_creator":"@RPLQuebec","twitter_site":"@RPLQuebec","twitter_misc":{"\u00c9crit par":"laicitequebec","Dur\u00e9e de lecture estim\u00e9e":"1 minute"},"schema":{"@context":"https:\/\/schema.org","@graph":[{"@type":"Article","@id":"https:\/\/laicitequebec.org\/?p=321#article","isPartOf":{"@id":"https:\/\/laicitequebec.org\/?p=321"},"author":{"name":"laicitequebec","@id":"https:\/\/laicitequebec.org\/#\/schema\/person\/bfdceea5d5a8d0c651ba9252c550adf7"},"headline":"Analyse de Louise Mailloux","datePublished":"2020-12-11T05:19:03+00:00","dateModified":"2021-05-26T03:12:02+00:00","mainEntityOfPage":{"@id":"https:\/\/laicitequebec.org\/?p=321"},"wordCount":134,"publisher":{"@id":"https:\/\/laicitequebec.org\/#organization"},"image":{"@id":"https:\/\/laicitequebec.org\/?p=321#primaryimage"},"thumbnailUrl":"https:\/\/laicitequebec.org\/wp-content\/uploads\/2020\/11\/Louise-Mailloux.jpg","articleSection":["Analyse de Louise Mailloux"],"inLanguage":"fr-FR"},{"@type":"WebPage","@id":"https:\/\/laicitequebec.org\/?p=321","url":"https:\/\/laicitequebec.org\/?p=321","name":"Analyse de Louise Mailloux - Rassemblement pour la la\u00efcit\u00e9 (RPL)","isPartOf":{"@id":"https:\/\/laicitequebec.org\/#website"},"primaryImageOfPage":{"@id":"https:\/\/laicitequebec.org\/?p=321#primaryimage"},"image":{"@id":"https:\/\/laicitequebec.org\/?p=321#primaryimage"},"thumbnailUrl":"https:\/\/laicitequebec.org\/wp-content\/uploads\/2020\/11\/Louise-Mailloux.jpg","datePublished":"2020-12-11T05:19:03+00:00","dateModified":"2021-05-26T03:12:02+00:00","breadcrumb":{"@id":"https:\/\/laicitequebec.org\/?p=321#breadcrumb"},"inLanguage":"fr-FR","potentialAction":[{"@type":"ReadAction","target":["https:\/\/laicitequebec.org\/?p=321"]}]},{"@type":"ImageObject","inLanguage":"fr-FR","@id":"https:\/\/laicitequebec.org\/?p=321#primaryimage","url":"https:\/\/laicitequebec.org\/wp-content\/uploads\/2020\/11\/Louise-Mailloux.jpg","contentUrl":"https:\/\/laicitequebec.org\/wp-content\/uploads\/2020\/11\/Louise-Mailloux.jpg","width":254,"height":168},{"@type":"BreadcrumbList","@id":"https:\/\/laicitequebec.org\/?p=321#breadcrumb","itemListElement":[{"@type":"ListItem","position":1,"name":"Accueil","item":"https:\/\/laicitequebec.org\/"},{"@type":"ListItem","position":2,"name":"Analyse de Louise Mailloux"}]},{"@type":"WebSite","@id":"https:\/\/laicitequebec.org\/#website","url":"https:\/\/laicitequebec.org\/","name":"Laicit\u00e9 Qu\u00e9bec","description":"Pour la la\u00efcit\u00e9 au Qu\u00e9bec","publisher":{"@id":"https:\/\/laicitequebec.org\/#organization"},"potentialAction":[{"@type":"SearchAction","target":{"@type":"EntryPoint","urlTemplate":"https:\/\/laicitequebec.org\/?s={search_term_string}"},"query-input":{"@type":"PropertyValueSpecification","valueRequired":true,"valueName":"search_term_string"}}],"inLanguage":"fr-FR"},{"@type":"Organization","@id":"https:\/\/laicitequebec.org\/#organization","name":"Rassemblement pour la laicit\u00e9","url":"https:\/\/laicitequebec.org\/","logo":{"@type":"ImageObject","inLanguage":"fr-FR","@id":"https:\/\/laicitequebec.org\/#\/schema\/logo\/image\/","url":"https:\/\/laicitequebec.org\/wp-content\/uploads\/2020\/11\/cropped-Rassemblement-pour-la-laicite.png","contentUrl":"https:\/\/laicitequebec.org\/wp-content\/uploads\/2020\/11\/cropped-Rassemblement-pour-la-laicite.png","width":143,"height":142,"caption":"Rassemblement pour la laicit\u00e9"},"image":{"@id":"https:\/\/laicitequebec.org\/#\/schema\/logo\/image\/"},"sameAs":["https:\/\/laicitequebec.org\/qui-sommes-nous\/","https:\/\/x.com\/RPLQuebec"]},{"@type":"Person","@id":"https:\/\/laicitequebec.org\/#\/schema\/person\/bfdceea5d5a8d0c651ba9252c550adf7","name":"laicitequebec","image":{"@type":"ImageObject","inLanguage":"fr-FR","@id":"https:\/\/secure.gravatar.com\/avatar\/73b396d569afdc2a27c16aa8d46d0b0e20f5e2ea590ab52f22194fcc228f9f94?s=96&d=mm&r=g","url":"https:\/\/secure.gravatar.com\/avatar\/73b396d569afdc2a27c16aa8d46d0b0e20f5e2ea590ab52f22194fcc228f9f94?s=96&d=mm&r=g","contentUrl":"https:\/\/secure.gravatar.com\/avatar\/73b396d569afdc2a27c16aa8d46d0b0e20f5e2ea590ab52f22194fcc228f9f94?s=96&d=mm&r=g","caption":"laicitequebec"}}]}},"_links":{"self":[{"href":"https:\/\/laicitequebec.org\/index.php?rest_route=\/wp\/v2\/posts\/321","targetHints":{"allow":["GET"]}}],"collection":[{"href":"https:\/\/laicitequebec.org\/index.php?rest_route=\/wp\/v2\/posts"}],"about":[{"href":"https:\/\/laicitequebec.org\/index.php?rest_route=\/wp\/v2\/types\/post"}],"author":[{"embeddable":true,"href":"https:\/\/laicitequebec.org\/index.php?rest_route=\/wp\/v2\/users\/1"}],"replies":[{"embeddable":true,"href":"https:\/\/laicitequebec.org\/index.php?rest_route=%2Fwp%2Fv2%2Fcomments&post=321"}],"version-history":[{"count":19,"href":"https:\/\/laicitequebec.org\/index.php?rest_route=\/wp\/v2\/posts\/321\/revisions"}],"predecessor-version":[{"id":1120,"href":"https:\/\/laicitequebec.org\/index.php?rest_route=\/wp\/v2\/posts\/321\/revisions\/1120"}],"wp:attachment":[{"href":"https:\/\/laicitequebec.org\/index.php?rest_route=%2Fwp%2Fv2%2Fmedia&parent=321"}],"wp:term":[{"taxonomy":"category","embeddable":true,"href":"https:\/\/laicitequebec.org\/index.php?rest_route=%2Fwp%2Fv2%2Fcategories&post=321"},{"taxonomy":"post_tag","embeddable":true,"href":"https:\/\/laicitequebec.org\/index.php?rest_route=%2Fwp%2Fv2%2Ftags&post=321"}],"curies":[{"name":"wp","href":"https:\/\/api.w.org\/{rel}","templated":true}]}}