{"id":843,"date":"2020-12-07T23:42:18","date_gmt":"2020-12-07T23:42:18","guid":{"rendered":"https:\/\/laicitequebec.org\/?p=843"},"modified":"2020-12-07T23:42:18","modified_gmt":"2020-12-07T23:42:18","slug":"une-plainte-deposee-contre-le-juge","status":"publish","type":"post","link":"https:\/\/laicitequebec.org\/?p=843","title":{"rendered":"Une plainte d\u00e9pos\u00e9e contre le juge"},"content":{"rendered":"<p><a href=\"https:\/\/www.journaldemontreal.com\/2020\/12\/07\/une-plainte-deposee-contre-le-juge\" target=\"_blank\" rel=\"noopener noreferrer\"><img loading=\"lazy\" decoding=\"async\" class=\"size-medium wp-image-844 alignleft\" src=\"https:\/\/laicitequebec.org\/wp-content\/uploads\/2020\/12\/Frederic-Bastien-300x258.png\" alt=\"\" width=\"300\" height=\"258\" srcset=\"https:\/\/laicitequebec.org\/wp-content\/uploads\/2020\/12\/Frederic-Bastien-300x258.png 300w, https:\/\/laicitequebec.org\/wp-content\/uploads\/2020\/12\/Frederic-Bastien-24x21.png 24w, https:\/\/laicitequebec.org\/wp-content\/uploads\/2020\/12\/Frederic-Bastien-36x31.png 36w, https:\/\/laicitequebec.org\/wp-content\/uploads\/2020\/12\/Frederic-Bastien-48x41.png 48w, https:\/\/laicitequebec.org\/wp-content\/uploads\/2020\/12\/Frederic-Bastien.png 371w\" sizes=\"auto, (max-width: 300px) 100vw, 300px\" \/><\/a><em>7 d\u00e9c 2020<\/em><\/p>\n<p>Un historien a d\u00e9pos\u00e9 dimanche une plainte au conseil de la magistrature contre le juge Marc-Andr\u00e9 Blanchard qui devra trancher le d\u00e9bat sur la loi de la la\u00efcit\u00e9, parce qu\u2019il aurait valid\u00e9 les propos controvers\u00e9s d\u2019un avocat comparant la loi 21 \u00e0 des lois raciales. \u00ab Non seulement le juge n\u2019a pas mis en garde l\u2019avocat et ne lui a pas dit de faire attention [avec sa] comparaison outranci\u00e8re [&#8230;], mais il a valid\u00e9 les arguments. Il n\u2019a pas fait son devoir de se dissocier et de ramener l\u2019avocat \u00e0 l\u2019ordre \u00bb, estime l\u2019historien Fr\u00e9d\u00e9ric Bastien, en r\u00e9action aux propos de Me Azim Hussain vendredi dernier.\u00a0<strong><\/p>\n<p><\/strong><\/p>\n<p><strong>Par\u00a0 Roxane Trudel<\/strong><br \/>\n<a href=\"https:\/\/www.journaldemontreal.com\/2020\/12\/07\/une-plainte-deposee-contre-le-juge\" target=\"_blank\" rel=\"noopener noreferrer\">Lire la suite dans le Journal de Montr\u00e9al<\/a><\/p>\n","protected":false},"excerpt":{"rendered":"<p>7 d\u00e9c 2020 Un historien a d\u00e9pos\u00e9 dimanche une plainte au conseil de la magistrature contre le juge Marc-Andr\u00e9 Blanchard qui devra trancher le d\u00e9bat sur la loi de la la\u00efcit\u00e9, parce qu\u2019il aurait valid\u00e9 les propos controvers\u00e9s d\u2019un avocat comparant la loi 21 \u00e0 des lois raciales. \u00ab Non seulement le juge n\u2019a pas [&hellip;]<\/p>\n","protected":false},"author":1,"featured_media":0,"comment_status":"closed","ping_status":"open","sticky":false,"template":"","format":"standard","meta":{"rop_custom_images_group":[],"rop_custom_messages_group":[],"rop_publish_now":"initial","rop_publish_now_accounts":[],"rop_publish_now_history":[],"rop_publish_now_status":"pending","_monsterinsights_skip_tracking":false,"_monsterinsights_sitenote_active":false,"_monsterinsights_sitenote_note":"","_monsterinsights_sitenote_category":0,"_themeisle_gutenberg_block_has_review":false,"footnotes":""},"categories":[10],"tags":[],"class_list":["post-843","post","type-post","status-publish","format-standard","hentry","category-dans-les-medias"],"yoast_head":"<!-- This site is optimized with the Yoast SEO plugin v27.4 - https:\/\/yoast.com\/product\/yoast-seo-wordpress\/ -->\n<title>Une plainte d\u00e9pos\u00e9e contre le juge - Rassemblement pour la la\u00efcit\u00e9 (RPL)<\/title>\n<meta name=\"robots\" content=\"index, follow, max-snippet:-1, max-image-preview:large, max-video-preview:-1\" \/>\n<link rel=\"canonical\" href=\"https:\/\/laicitequebec.org\/?p=843\" \/>\n<meta property=\"og:locale\" content=\"fr_FR\" \/>\n<meta property=\"og:type\" content=\"article\" \/>\n<meta property=\"og:title\" content=\"Une plainte d\u00e9pos\u00e9e contre le juge - Rassemblement pour la la\u00efcit\u00e9 (RPL)\" \/>\n<meta property=\"og:description\" content=\"7 d\u00e9c 2020 Un historien a d\u00e9pos\u00e9 dimanche une plainte au conseil de la magistrature contre le juge Marc-Andr\u00e9 Blanchard qui devra trancher le d\u00e9bat sur la loi de la la\u00efcit\u00e9, parce qu\u2019il aurait valid\u00e9 les propos controvers\u00e9s d\u2019un avocat comparant la loi 21 \u00e0 des lois raciales. \u00ab Non seulement le juge n\u2019a pas [&hellip;]\" \/>\n<meta property=\"og:url\" content=\"https:\/\/laicitequebec.org\/?p=843\" \/>\n<meta property=\"og:site_name\" content=\"Rassemblement pour la la\u00efcit\u00e9 (RPL)\" \/>\n<meta property=\"article:publisher\" content=\"https:\/\/laicitequebec.org\/qui-sommes-nous\/\" \/>\n<meta property=\"article:published_time\" content=\"2020-12-07T23:42:18+00:00\" \/>\n<meta property=\"og:image\" content=\"https:\/\/laicitequebec.org\/wp-content\/uploads\/2020\/12\/Frederic-Bastien-300x258.png\" \/>\n<meta name=\"author\" content=\"laicitequebec\" \/>\n<meta name=\"twitter:card\" content=\"summary_large_image\" \/>\n<meta name=\"twitter:creator\" content=\"@RPLQuebec\" \/>\n<meta name=\"twitter:site\" content=\"@RPLQuebec\" \/>\n<meta name=\"twitter:label1\" content=\"\u00c9crit par\" \/>\n\t<meta name=\"twitter:data1\" content=\"laicitequebec\" \/>\n\t<meta name=\"twitter:label2\" content=\"Dur\u00e9e de lecture estim\u00e9e\" \/>\n\t<meta name=\"twitter:data2\" content=\"1 minute\" \/>\n<script type=\"application\/ld+json\" class=\"yoast-schema-graph\">{\"@context\":\"https:\\\/\\\/schema.org\",\"@graph\":[{\"@type\":\"Article\",\"@id\":\"https:\\\/\\\/laicitequebec.org\\\/?p=843#article\",\"isPartOf\":{\"@id\":\"https:\\\/\\\/laicitequebec.org\\\/?p=843\"},\"author\":{\"name\":\"laicitequebec\",\"@id\":\"https:\\\/\\\/laicitequebec.org\\\/#\\\/schema\\\/person\\\/bfdceea5d5a8d0c651ba9252c550adf7\"},\"headline\":\"Une plainte d\u00e9pos\u00e9e contre le juge\",\"datePublished\":\"2020-12-07T23:42:18+00:00\",\"mainEntityOfPage\":{\"@id\":\"https:\\\/\\\/laicitequebec.org\\\/?p=843\"},\"wordCount\":138,\"publisher\":{\"@id\":\"https:\\\/\\\/laicitequebec.org\\\/#organization\"},\"image\":{\"@id\":\"https:\\\/\\\/laicitequebec.org\\\/?p=843#primaryimage\"},\"thumbnailUrl\":\"https:\\\/\\\/laicitequebec.org\\\/wp-content\\\/uploads\\\/2020\\\/12\\\/Frederic-Bastien-300x258.png\",\"articleSection\":[\"Dans les m\u00e9dias\"],\"inLanguage\":\"fr-FR\"},{\"@type\":\"WebPage\",\"@id\":\"https:\\\/\\\/laicitequebec.org\\\/?p=843\",\"url\":\"https:\\\/\\\/laicitequebec.org\\\/?p=843\",\"name\":\"Une plainte d\u00e9pos\u00e9e contre le juge - Rassemblement pour la la\u00efcit\u00e9 (RPL)\",\"isPartOf\":{\"@id\":\"https:\\\/\\\/laicitequebec.org\\\/#website\"},\"primaryImageOfPage\":{\"@id\":\"https:\\\/\\\/laicitequebec.org\\\/?p=843#primaryimage\"},\"image\":{\"@id\":\"https:\\\/\\\/laicitequebec.org\\\/?p=843#primaryimage\"},\"thumbnailUrl\":\"https:\\\/\\\/laicitequebec.org\\\/wp-content\\\/uploads\\\/2020\\\/12\\\/Frederic-Bastien-300x258.png\",\"datePublished\":\"2020-12-07T23:42:18+00:00\",\"breadcrumb\":{\"@id\":\"https:\\\/\\\/laicitequebec.org\\\/?p=843#breadcrumb\"},\"inLanguage\":\"fr-FR\",\"potentialAction\":[{\"@type\":\"ReadAction\",\"target\":[\"https:\\\/\\\/laicitequebec.org\\\/?p=843\"]}]},{\"@type\":\"ImageObject\",\"inLanguage\":\"fr-FR\",\"@id\":\"https:\\\/\\\/laicitequebec.org\\\/?p=843#primaryimage\",\"url\":\"https:\\\/\\\/laicitequebec.org\\\/wp-content\\\/uploads\\\/2020\\\/12\\\/Frederic-Bastien.png\",\"contentUrl\":\"https:\\\/\\\/laicitequebec.org\\\/wp-content\\\/uploads\\\/2020\\\/12\\\/Frederic-Bastien.png\",\"width\":371,\"height\":319},{\"@type\":\"BreadcrumbList\",\"@id\":\"https:\\\/\\\/laicitequebec.org\\\/?p=843#breadcrumb\",\"itemListElement\":[{\"@type\":\"ListItem\",\"position\":1,\"name\":\"Accueil\",\"item\":\"https:\\\/\\\/laicitequebec.org\\\/\"},{\"@type\":\"ListItem\",\"position\":2,\"name\":\"Une plainte d\u00e9pos\u00e9e contre le juge\"}]},{\"@type\":\"WebSite\",\"@id\":\"https:\\\/\\\/laicitequebec.org\\\/#website\",\"url\":\"https:\\\/\\\/laicitequebec.org\\\/\",\"name\":\"Laicit\u00e9 Qu\u00e9bec\",\"description\":\"Pour la la\u00efcit\u00e9 au Qu\u00e9bec\",\"publisher\":{\"@id\":\"https:\\\/\\\/laicitequebec.org\\\/#organization\"},\"potentialAction\":[{\"@type\":\"SearchAction\",\"target\":{\"@type\":\"EntryPoint\",\"urlTemplate\":\"https:\\\/\\\/laicitequebec.org\\\/?s={search_term_string}\"},\"query-input\":{\"@type\":\"PropertyValueSpecification\",\"valueRequired\":true,\"valueName\":\"search_term_string\"}}],\"inLanguage\":\"fr-FR\"},{\"@type\":\"Organization\",\"@id\":\"https:\\\/\\\/laicitequebec.org\\\/#organization\",\"name\":\"Rassemblement pour la laicit\u00e9\",\"url\":\"https:\\\/\\\/laicitequebec.org\\\/\",\"logo\":{\"@type\":\"ImageObject\",\"inLanguage\":\"fr-FR\",\"@id\":\"https:\\\/\\\/laicitequebec.org\\\/#\\\/schema\\\/logo\\\/image\\\/\",\"url\":\"https:\\\/\\\/laicitequebec.org\\\/wp-content\\\/uploads\\\/2020\\\/11\\\/cropped-Rassemblement-pour-la-laicite.png\",\"contentUrl\":\"https:\\\/\\\/laicitequebec.org\\\/wp-content\\\/uploads\\\/2020\\\/11\\\/cropped-Rassemblement-pour-la-laicite.png\",\"width\":143,\"height\":142,\"caption\":\"Rassemblement pour la laicit\u00e9\"},\"image\":{\"@id\":\"https:\\\/\\\/laicitequebec.org\\\/#\\\/schema\\\/logo\\\/image\\\/\"},\"sameAs\":[\"https:\\\/\\\/laicitequebec.org\\\/qui-sommes-nous\\\/\",\"https:\\\/\\\/x.com\\\/RPLQuebec\"]},{\"@type\":\"Person\",\"@id\":\"https:\\\/\\\/laicitequebec.org\\\/#\\\/schema\\\/person\\\/bfdceea5d5a8d0c651ba9252c550adf7\",\"name\":\"laicitequebec\",\"image\":{\"@type\":\"ImageObject\",\"inLanguage\":\"fr-FR\",\"@id\":\"https:\\\/\\\/secure.gravatar.com\\\/avatar\\\/73b396d569afdc2a27c16aa8d46d0b0e20f5e2ea590ab52f22194fcc228f9f94?s=96&d=mm&r=g\",\"url\":\"https:\\\/\\\/secure.gravatar.com\\\/avatar\\\/73b396d569afdc2a27c16aa8d46d0b0e20f5e2ea590ab52f22194fcc228f9f94?s=96&d=mm&r=g\",\"contentUrl\":\"https:\\\/\\\/secure.gravatar.com\\\/avatar\\\/73b396d569afdc2a27c16aa8d46d0b0e20f5e2ea590ab52f22194fcc228f9f94?s=96&d=mm&r=g\",\"caption\":\"laicitequebec\"}}]}<\/script>\n<!-- \/ Yoast SEO plugin. -->","yoast_head_json":{"title":"Une plainte d\u00e9pos\u00e9e contre le juge - Rassemblement pour la la\u00efcit\u00e9 (RPL)","robots":{"index":"index","follow":"follow","max-snippet":"max-snippet:-1","max-image-preview":"max-image-preview:large","max-video-preview":"max-video-preview:-1"},"canonical":"https:\/\/laicitequebec.org\/?p=843","og_locale":"fr_FR","og_type":"article","og_title":"Une plainte d\u00e9pos\u00e9e contre le juge - Rassemblement pour la la\u00efcit\u00e9 (RPL)","og_description":"7 d\u00e9c 2020 Un historien a d\u00e9pos\u00e9 dimanche une plainte au conseil de la magistrature contre le juge Marc-Andr\u00e9 Blanchard qui devra trancher le d\u00e9bat sur la loi de la la\u00efcit\u00e9, parce qu\u2019il aurait valid\u00e9 les propos controvers\u00e9s d\u2019un avocat comparant la loi 21 \u00e0 des lois raciales. \u00ab Non seulement le juge n\u2019a pas [&hellip;]","og_url":"https:\/\/laicitequebec.org\/?p=843","og_site_name":"Rassemblement pour la la\u00efcit\u00e9 (RPL)","article_publisher":"https:\/\/laicitequebec.org\/qui-sommes-nous\/","article_published_time":"2020-12-07T23:42:18+00:00","og_image":[{"url":"https:\/\/laicitequebec.org\/wp-content\/uploads\/2020\/12\/Frederic-Bastien-300x258.png","type":"","width":"","height":""}],"author":"laicitequebec","twitter_card":"summary_large_image","twitter_creator":"@RPLQuebec","twitter_site":"@RPLQuebec","twitter_misc":{"\u00c9crit par":"laicitequebec","Dur\u00e9e de lecture estim\u00e9e":"1 minute"},"schema":{"@context":"https:\/\/schema.org","@graph":[{"@type":"Article","@id":"https:\/\/laicitequebec.org\/?p=843#article","isPartOf":{"@id":"https:\/\/laicitequebec.org\/?p=843"},"author":{"name":"laicitequebec","@id":"https:\/\/laicitequebec.org\/#\/schema\/person\/bfdceea5d5a8d0c651ba9252c550adf7"},"headline":"Une plainte d\u00e9pos\u00e9e contre le juge","datePublished":"2020-12-07T23:42:18+00:00","mainEntityOfPage":{"@id":"https:\/\/laicitequebec.org\/?p=843"},"wordCount":138,"publisher":{"@id":"https:\/\/laicitequebec.org\/#organization"},"image":{"@id":"https:\/\/laicitequebec.org\/?p=843#primaryimage"},"thumbnailUrl":"https:\/\/laicitequebec.org\/wp-content\/uploads\/2020\/12\/Frederic-Bastien-300x258.png","articleSection":["Dans les m\u00e9dias"],"inLanguage":"fr-FR"},{"@type":"WebPage","@id":"https:\/\/laicitequebec.org\/?p=843","url":"https:\/\/laicitequebec.org\/?p=843","name":"Une plainte d\u00e9pos\u00e9e contre le juge - Rassemblement pour la la\u00efcit\u00e9 (RPL)","isPartOf":{"@id":"https:\/\/laicitequebec.org\/#website"},"primaryImageOfPage":{"@id":"https:\/\/laicitequebec.org\/?p=843#primaryimage"},"image":{"@id":"https:\/\/laicitequebec.org\/?p=843#primaryimage"},"thumbnailUrl":"https:\/\/laicitequebec.org\/wp-content\/uploads\/2020\/12\/Frederic-Bastien-300x258.png","datePublished":"2020-12-07T23:42:18+00:00","breadcrumb":{"@id":"https:\/\/laicitequebec.org\/?p=843#breadcrumb"},"inLanguage":"fr-FR","potentialAction":[{"@type":"ReadAction","target":["https:\/\/laicitequebec.org\/?p=843"]}]},{"@type":"ImageObject","inLanguage":"fr-FR","@id":"https:\/\/laicitequebec.org\/?p=843#primaryimage","url":"https:\/\/laicitequebec.org\/wp-content\/uploads\/2020\/12\/Frederic-Bastien.png","contentUrl":"https:\/\/laicitequebec.org\/wp-content\/uploads\/2020\/12\/Frederic-Bastien.png","width":371,"height":319},{"@type":"BreadcrumbList","@id":"https:\/\/laicitequebec.org\/?p=843#breadcrumb","itemListElement":[{"@type":"ListItem","position":1,"name":"Accueil","item":"https:\/\/laicitequebec.org\/"},{"@type":"ListItem","position":2,"name":"Une plainte d\u00e9pos\u00e9e contre le juge"}]},{"@type":"WebSite","@id":"https:\/\/laicitequebec.org\/#website","url":"https:\/\/laicitequebec.org\/","name":"Laicit\u00e9 Qu\u00e9bec","description":"Pour la la\u00efcit\u00e9 au Qu\u00e9bec","publisher":{"@id":"https:\/\/laicitequebec.org\/#organization"},"potentialAction":[{"@type":"SearchAction","target":{"@type":"EntryPoint","urlTemplate":"https:\/\/laicitequebec.org\/?s={search_term_string}"},"query-input":{"@type":"PropertyValueSpecification","valueRequired":true,"valueName":"search_term_string"}}],"inLanguage":"fr-FR"},{"@type":"Organization","@id":"https:\/\/laicitequebec.org\/#organization","name":"Rassemblement pour la laicit\u00e9","url":"https:\/\/laicitequebec.org\/","logo":{"@type":"ImageObject","inLanguage":"fr-FR","@id":"https:\/\/laicitequebec.org\/#\/schema\/logo\/image\/","url":"https:\/\/laicitequebec.org\/wp-content\/uploads\/2020\/11\/cropped-Rassemblement-pour-la-laicite.png","contentUrl":"https:\/\/laicitequebec.org\/wp-content\/uploads\/2020\/11\/cropped-Rassemblement-pour-la-laicite.png","width":143,"height":142,"caption":"Rassemblement pour la laicit\u00e9"},"image":{"@id":"https:\/\/laicitequebec.org\/#\/schema\/logo\/image\/"},"sameAs":["https:\/\/laicitequebec.org\/qui-sommes-nous\/","https:\/\/x.com\/RPLQuebec"]},{"@type":"Person","@id":"https:\/\/laicitequebec.org\/#\/schema\/person\/bfdceea5d5a8d0c651ba9252c550adf7","name":"laicitequebec","image":{"@type":"ImageObject","inLanguage":"fr-FR","@id":"https:\/\/secure.gravatar.com\/avatar\/73b396d569afdc2a27c16aa8d46d0b0e20f5e2ea590ab52f22194fcc228f9f94?s=96&d=mm&r=g","url":"https:\/\/secure.gravatar.com\/avatar\/73b396d569afdc2a27c16aa8d46d0b0e20f5e2ea590ab52f22194fcc228f9f94?s=96&d=mm&r=g","contentUrl":"https:\/\/secure.gravatar.com\/avatar\/73b396d569afdc2a27c16aa8d46d0b0e20f5e2ea590ab52f22194fcc228f9f94?s=96&d=mm&r=g","caption":"laicitequebec"}}]}},"_links":{"self":[{"href":"https:\/\/laicitequebec.org\/index.php?rest_route=\/wp\/v2\/posts\/843","targetHints":{"allow":["GET"]}}],"collection":[{"href":"https:\/\/laicitequebec.org\/index.php?rest_route=\/wp\/v2\/posts"}],"about":[{"href":"https:\/\/laicitequebec.org\/index.php?rest_route=\/wp\/v2\/types\/post"}],"author":[{"embeddable":true,"href":"https:\/\/laicitequebec.org\/index.php?rest_route=\/wp\/v2\/users\/1"}],"replies":[{"embeddable":true,"href":"https:\/\/laicitequebec.org\/index.php?rest_route=%2Fwp%2Fv2%2Fcomments&post=843"}],"version-history":[{"count":1,"href":"https:\/\/laicitequebec.org\/index.php?rest_route=\/wp\/v2\/posts\/843\/revisions"}],"predecessor-version":[{"id":845,"href":"https:\/\/laicitequebec.org\/index.php?rest_route=\/wp\/v2\/posts\/843\/revisions\/845"}],"wp:attachment":[{"href":"https:\/\/laicitequebec.org\/index.php?rest_route=%2Fwp%2Fv2%2Fmedia&parent=843"}],"wp:term":[{"taxonomy":"category","embeddable":true,"href":"https:\/\/laicitequebec.org\/index.php?rest_route=%2Fwp%2Fv2%2Fcategories&post=843"},{"taxonomy":"post_tag","embeddable":true,"href":"https:\/\/laicitequebec.org\/index.php?rest_route=%2Fwp%2Fv2%2Ftags&post=843"}],"curies":[{"name":"wp","href":"https:\/\/api.w.org\/{rel}","templated":true}]}}