{"id":853,"date":"2020-12-09T02:45:43","date_gmt":"2020-12-09T02:45:43","guid":{"rendered":"https:\/\/laicitequebec.org\/?p=853"},"modified":"2020-12-09T02:45:43","modified_gmt":"2020-12-09T02:45:43","slug":"les-quebecois-ces-chiens-enrages","status":"publish","type":"post","link":"https:\/\/laicitequebec.org\/?p=853","title":{"rendered":"Les Qu\u00e9b\u00e9cois, ces chiens enrag\u00e9s"},"content":{"rendered":"<p><em><img loading=\"lazy\" decoding=\"async\" class=\"size-medium wp-image-753 alignleft\" src=\"https:\/\/laicitequebec.org\/wp-content\/uploads\/2020\/12\/opposants-anglo-Loi-21-300x200.jpg\" alt=\"\" width=\"300\" height=\"200\" srcset=\"https:\/\/laicitequebec.org\/wp-content\/uploads\/2020\/12\/opposants-anglo-Loi-21-300x200.jpg 300w, https:\/\/laicitequebec.org\/wp-content\/uploads\/2020\/12\/opposants-anglo-Loi-21-24x16.jpg 24w, https:\/\/laicitequebec.org\/wp-content\/uploads\/2020\/12\/opposants-anglo-Loi-21-36x24.jpg 36w, https:\/\/laicitequebec.org\/wp-content\/uploads\/2020\/12\/opposants-anglo-Loi-21-48x32.jpg 48w, https:\/\/laicitequebec.org\/wp-content\/uploads\/2020\/12\/opposants-anglo-Loi-21.jpg 693w\" sizes=\"auto, (max-width: 300px) 100vw, 300px\" \/>6 d\u00e9c 2020<\/em><\/p>\n<p>Jusqu&rsquo;o\u00f9 les d\u00e9tracteurs de la Loi 21 sont-ils pr\u00eats \u00e0 aller? Richard Martineau refl\u00e8te bien l&rsquo;indignation que ressentent les qu\u00e9b\u00e9cois et qu\u00e9b\u00e9coises, de toutes origines, qui aspirent \u00e0 un \u00c9tat la\u00efque, face aux exag\u00e9rations ind\u00e9centes brandies \u00e0 la Cour contre la Loi 21.<\/p>\n<p><strong>Par Richard Martineau<\/strong><\/p>\n<p><a href=\"https:\/\/www.journaldemontreal.com\/2020\/12\/06\/les-quebecois-ces-chiens-enrages?fbclid=IwAR2kqP6e1GGR015NpxRcNAL06PUleMS634P-KpAJOdQGPfGmTNWSm8ZHKq4\" target=\"_blank\" rel=\"noopener noreferrer\">Lire la suite dans le Journal de Montr\u00e9al<\/a><\/p>\n","protected":false},"excerpt":{"rendered":"<p>6 d\u00e9c 2020 Jusqu&rsquo;o\u00f9 les d\u00e9tracteurs de la Loi 21 sont-ils pr\u00eats \u00e0 aller? Richard Martineau refl\u00e8te bien l&rsquo;indignation que ressentent les qu\u00e9b\u00e9cois et qu\u00e9b\u00e9coises, de toutes origines, qui aspirent \u00e0 un \u00c9tat la\u00efque, face aux exag\u00e9rations ind\u00e9centes brandies \u00e0 la Cour contre la Loi 21. Par Richard Martineau Lire la suite dans le Journal [&hellip;]<\/p>\n","protected":false},"author":1,"featured_media":0,"comment_status":"closed","ping_status":"open","sticky":false,"template":"","format":"standard","meta":{"rop_custom_images_group":[],"rop_custom_messages_group":[],"rop_publish_now":"initial","rop_publish_now_accounts":[],"rop_publish_now_history":[],"rop_publish_now_status":"pending","_monsterinsights_skip_tracking":false,"_monsterinsights_sitenote_active":false,"_monsterinsights_sitenote_note":"","_monsterinsights_sitenote_category":0,"_themeisle_gutenberg_block_has_review":false,"footnotes":""},"categories":[10],"tags":[],"class_list":["post-853","post","type-post","status-publish","format-standard","hentry","category-dans-les-medias"],"yoast_head":"<!-- This site is optimized with the Yoast SEO plugin v27.4 - https:\/\/yoast.com\/product\/yoast-seo-wordpress\/ -->\n<title>Les Qu\u00e9b\u00e9cois, ces chiens enrag\u00e9s - Rassemblement pour la la\u00efcit\u00e9 (RPL)<\/title>\n<meta name=\"robots\" content=\"index, follow, max-snippet:-1, max-image-preview:large, max-video-preview:-1\" \/>\n<link rel=\"canonical\" href=\"https:\/\/laicitequebec.org\/?p=853\" \/>\n<meta property=\"og:locale\" content=\"fr_FR\" \/>\n<meta property=\"og:type\" content=\"article\" \/>\n<meta property=\"og:title\" content=\"Les Qu\u00e9b\u00e9cois, ces chiens enrag\u00e9s - Rassemblement pour la la\u00efcit\u00e9 (RPL)\" \/>\n<meta property=\"og:description\" content=\"6 d\u00e9c 2020 Jusqu&rsquo;o\u00f9 les d\u00e9tracteurs de la Loi 21 sont-ils pr\u00eats \u00e0 aller? Richard Martineau refl\u00e8te bien l&rsquo;indignation que ressentent les qu\u00e9b\u00e9cois et qu\u00e9b\u00e9coises, de toutes origines, qui aspirent \u00e0 un \u00c9tat la\u00efque, face aux exag\u00e9rations ind\u00e9centes brandies \u00e0 la Cour contre la Loi 21. Par Richard Martineau Lire la suite dans le Journal [&hellip;]\" \/>\n<meta property=\"og:url\" content=\"https:\/\/laicitequebec.org\/?p=853\" \/>\n<meta property=\"og:site_name\" content=\"Rassemblement pour la la\u00efcit\u00e9 (RPL)\" \/>\n<meta property=\"article:publisher\" content=\"https:\/\/laicitequebec.org\/qui-sommes-nous\/\" \/>\n<meta property=\"article:published_time\" content=\"2020-12-09T02:45:43+00:00\" \/>\n<meta property=\"og:image\" content=\"https:\/\/laicitequebec.org\/wp-content\/uploads\/2020\/12\/opposants-anglo-Loi-21-300x200.jpg\" \/>\n<meta name=\"author\" content=\"laicitequebec\" \/>\n<meta name=\"twitter:card\" content=\"summary_large_image\" \/>\n<meta name=\"twitter:creator\" content=\"@RPLQuebec\" \/>\n<meta name=\"twitter:site\" content=\"@RPLQuebec\" \/>\n<meta name=\"twitter:label1\" content=\"\u00c9crit par\" \/>\n\t<meta name=\"twitter:data1\" content=\"laicitequebec\" \/>\n<script type=\"application\/ld+json\" class=\"yoast-schema-graph\">{\"@context\":\"https:\\\/\\\/schema.org\",\"@graph\":[{\"@type\":\"Article\",\"@id\":\"https:\\\/\\\/laicitequebec.org\\\/?p=853#article\",\"isPartOf\":{\"@id\":\"https:\\\/\\\/laicitequebec.org\\\/?p=853\"},\"author\":{\"name\":\"laicitequebec\",\"@id\":\"https:\\\/\\\/laicitequebec.org\\\/#\\\/schema\\\/person\\\/bfdceea5d5a8d0c651ba9252c550adf7\"},\"headline\":\"Les Qu\u00e9b\u00e9cois, ces chiens enrag\u00e9s\",\"datePublished\":\"2020-12-09T02:45:43+00:00\",\"mainEntityOfPage\":{\"@id\":\"https:\\\/\\\/laicitequebec.org\\\/?p=853\"},\"wordCount\":70,\"publisher\":{\"@id\":\"https:\\\/\\\/laicitequebec.org\\\/#organization\"},\"image\":{\"@id\":\"https:\\\/\\\/laicitequebec.org\\\/?p=853#primaryimage\"},\"thumbnailUrl\":\"https:\\\/\\\/laicitequebec.org\\\/wp-content\\\/uploads\\\/2020\\\/12\\\/opposants-anglo-Loi-21-300x200.jpg\",\"articleSection\":[\"Dans les m\u00e9dias\"],\"inLanguage\":\"fr-FR\"},{\"@type\":\"WebPage\",\"@id\":\"https:\\\/\\\/laicitequebec.org\\\/?p=853\",\"url\":\"https:\\\/\\\/laicitequebec.org\\\/?p=853\",\"name\":\"Les Qu\u00e9b\u00e9cois, ces chiens enrag\u00e9s - Rassemblement pour la la\u00efcit\u00e9 (RPL)\",\"isPartOf\":{\"@id\":\"https:\\\/\\\/laicitequebec.org\\\/#website\"},\"primaryImageOfPage\":{\"@id\":\"https:\\\/\\\/laicitequebec.org\\\/?p=853#primaryimage\"},\"image\":{\"@id\":\"https:\\\/\\\/laicitequebec.org\\\/?p=853#primaryimage\"},\"thumbnailUrl\":\"https:\\\/\\\/laicitequebec.org\\\/wp-content\\\/uploads\\\/2020\\\/12\\\/opposants-anglo-Loi-21-300x200.jpg\",\"datePublished\":\"2020-12-09T02:45:43+00:00\",\"breadcrumb\":{\"@id\":\"https:\\\/\\\/laicitequebec.org\\\/?p=853#breadcrumb\"},\"inLanguage\":\"fr-FR\",\"potentialAction\":[{\"@type\":\"ReadAction\",\"target\":[\"https:\\\/\\\/laicitequebec.org\\\/?p=853\"]}]},{\"@type\":\"ImageObject\",\"inLanguage\":\"fr-FR\",\"@id\":\"https:\\\/\\\/laicitequebec.org\\\/?p=853#primaryimage\",\"url\":\"https:\\\/\\\/laicitequebec.org\\\/wp-content\\\/uploads\\\/2020\\\/12\\\/opposants-anglo-Loi-21.jpg\",\"contentUrl\":\"https:\\\/\\\/laicitequebec.org\\\/wp-content\\\/uploads\\\/2020\\\/12\\\/opposants-anglo-Loi-21.jpg\",\"width\":693,\"height\":462},{\"@type\":\"BreadcrumbList\",\"@id\":\"https:\\\/\\\/laicitequebec.org\\\/?p=853#breadcrumb\",\"itemListElement\":[{\"@type\":\"ListItem\",\"position\":1,\"name\":\"Accueil\",\"item\":\"https:\\\/\\\/laicitequebec.org\\\/\"},{\"@type\":\"ListItem\",\"position\":2,\"name\":\"Les Qu\u00e9b\u00e9cois, ces chiens enrag\u00e9s\"}]},{\"@type\":\"WebSite\",\"@id\":\"https:\\\/\\\/laicitequebec.org\\\/#website\",\"url\":\"https:\\\/\\\/laicitequebec.org\\\/\",\"name\":\"Laicit\u00e9 Qu\u00e9bec\",\"description\":\"Pour la la\u00efcit\u00e9 au Qu\u00e9bec\",\"publisher\":{\"@id\":\"https:\\\/\\\/laicitequebec.org\\\/#organization\"},\"potentialAction\":[{\"@type\":\"SearchAction\",\"target\":{\"@type\":\"EntryPoint\",\"urlTemplate\":\"https:\\\/\\\/laicitequebec.org\\\/?s={search_term_string}\"},\"query-input\":{\"@type\":\"PropertyValueSpecification\",\"valueRequired\":true,\"valueName\":\"search_term_string\"}}],\"inLanguage\":\"fr-FR\"},{\"@type\":\"Organization\",\"@id\":\"https:\\\/\\\/laicitequebec.org\\\/#organization\",\"name\":\"Rassemblement pour la laicit\u00e9\",\"url\":\"https:\\\/\\\/laicitequebec.org\\\/\",\"logo\":{\"@type\":\"ImageObject\",\"inLanguage\":\"fr-FR\",\"@id\":\"https:\\\/\\\/laicitequebec.org\\\/#\\\/schema\\\/logo\\\/image\\\/\",\"url\":\"https:\\\/\\\/laicitequebec.org\\\/wp-content\\\/uploads\\\/2020\\\/11\\\/cropped-Rassemblement-pour-la-laicite.png\",\"contentUrl\":\"https:\\\/\\\/laicitequebec.org\\\/wp-content\\\/uploads\\\/2020\\\/11\\\/cropped-Rassemblement-pour-la-laicite.png\",\"width\":143,\"height\":142,\"caption\":\"Rassemblement pour la laicit\u00e9\"},\"image\":{\"@id\":\"https:\\\/\\\/laicitequebec.org\\\/#\\\/schema\\\/logo\\\/image\\\/\"},\"sameAs\":[\"https:\\\/\\\/laicitequebec.org\\\/qui-sommes-nous\\\/\",\"https:\\\/\\\/x.com\\\/RPLQuebec\"]},{\"@type\":\"Person\",\"@id\":\"https:\\\/\\\/laicitequebec.org\\\/#\\\/schema\\\/person\\\/bfdceea5d5a8d0c651ba9252c550adf7\",\"name\":\"laicitequebec\",\"image\":{\"@type\":\"ImageObject\",\"inLanguage\":\"fr-FR\",\"@id\":\"https:\\\/\\\/secure.gravatar.com\\\/avatar\\\/73b396d569afdc2a27c16aa8d46d0b0e20f5e2ea590ab52f22194fcc228f9f94?s=96&d=mm&r=g\",\"url\":\"https:\\\/\\\/secure.gravatar.com\\\/avatar\\\/73b396d569afdc2a27c16aa8d46d0b0e20f5e2ea590ab52f22194fcc228f9f94?s=96&d=mm&r=g\",\"contentUrl\":\"https:\\\/\\\/secure.gravatar.com\\\/avatar\\\/73b396d569afdc2a27c16aa8d46d0b0e20f5e2ea590ab52f22194fcc228f9f94?s=96&d=mm&r=g\",\"caption\":\"laicitequebec\"}}]}<\/script>\n<!-- \/ Yoast SEO plugin. -->","yoast_head_json":{"title":"Les Qu\u00e9b\u00e9cois, ces chiens enrag\u00e9s - Rassemblement pour la la\u00efcit\u00e9 (RPL)","robots":{"index":"index","follow":"follow","max-snippet":"max-snippet:-1","max-image-preview":"max-image-preview:large","max-video-preview":"max-video-preview:-1"},"canonical":"https:\/\/laicitequebec.org\/?p=853","og_locale":"fr_FR","og_type":"article","og_title":"Les Qu\u00e9b\u00e9cois, ces chiens enrag\u00e9s - Rassemblement pour la la\u00efcit\u00e9 (RPL)","og_description":"6 d\u00e9c 2020 Jusqu&rsquo;o\u00f9 les d\u00e9tracteurs de la Loi 21 sont-ils pr\u00eats \u00e0 aller? Richard Martineau refl\u00e8te bien l&rsquo;indignation que ressentent les qu\u00e9b\u00e9cois et qu\u00e9b\u00e9coises, de toutes origines, qui aspirent \u00e0 un \u00c9tat la\u00efque, face aux exag\u00e9rations ind\u00e9centes brandies \u00e0 la Cour contre la Loi 21. Par Richard Martineau Lire la suite dans le Journal [&hellip;]","og_url":"https:\/\/laicitequebec.org\/?p=853","og_site_name":"Rassemblement pour la la\u00efcit\u00e9 (RPL)","article_publisher":"https:\/\/laicitequebec.org\/qui-sommes-nous\/","article_published_time":"2020-12-09T02:45:43+00:00","og_image":[{"url":"https:\/\/laicitequebec.org\/wp-content\/uploads\/2020\/12\/opposants-anglo-Loi-21-300x200.jpg","type":"","width":"","height":""}],"author":"laicitequebec","twitter_card":"summary_large_image","twitter_creator":"@RPLQuebec","twitter_site":"@RPLQuebec","twitter_misc":{"\u00c9crit par":"laicitequebec"},"schema":{"@context":"https:\/\/schema.org","@graph":[{"@type":"Article","@id":"https:\/\/laicitequebec.org\/?p=853#article","isPartOf":{"@id":"https:\/\/laicitequebec.org\/?p=853"},"author":{"name":"laicitequebec","@id":"https:\/\/laicitequebec.org\/#\/schema\/person\/bfdceea5d5a8d0c651ba9252c550adf7"},"headline":"Les Qu\u00e9b\u00e9cois, ces chiens enrag\u00e9s","datePublished":"2020-12-09T02:45:43+00:00","mainEntityOfPage":{"@id":"https:\/\/laicitequebec.org\/?p=853"},"wordCount":70,"publisher":{"@id":"https:\/\/laicitequebec.org\/#organization"},"image":{"@id":"https:\/\/laicitequebec.org\/?p=853#primaryimage"},"thumbnailUrl":"https:\/\/laicitequebec.org\/wp-content\/uploads\/2020\/12\/opposants-anglo-Loi-21-300x200.jpg","articleSection":["Dans les m\u00e9dias"],"inLanguage":"fr-FR"},{"@type":"WebPage","@id":"https:\/\/laicitequebec.org\/?p=853","url":"https:\/\/laicitequebec.org\/?p=853","name":"Les Qu\u00e9b\u00e9cois, ces chiens enrag\u00e9s - Rassemblement pour la la\u00efcit\u00e9 (RPL)","isPartOf":{"@id":"https:\/\/laicitequebec.org\/#website"},"primaryImageOfPage":{"@id":"https:\/\/laicitequebec.org\/?p=853#primaryimage"},"image":{"@id":"https:\/\/laicitequebec.org\/?p=853#primaryimage"},"thumbnailUrl":"https:\/\/laicitequebec.org\/wp-content\/uploads\/2020\/12\/opposants-anglo-Loi-21-300x200.jpg","datePublished":"2020-12-09T02:45:43+00:00","breadcrumb":{"@id":"https:\/\/laicitequebec.org\/?p=853#breadcrumb"},"inLanguage":"fr-FR","potentialAction":[{"@type":"ReadAction","target":["https:\/\/laicitequebec.org\/?p=853"]}]},{"@type":"ImageObject","inLanguage":"fr-FR","@id":"https:\/\/laicitequebec.org\/?p=853#primaryimage","url":"https:\/\/laicitequebec.org\/wp-content\/uploads\/2020\/12\/opposants-anglo-Loi-21.jpg","contentUrl":"https:\/\/laicitequebec.org\/wp-content\/uploads\/2020\/12\/opposants-anglo-Loi-21.jpg","width":693,"height":462},{"@type":"BreadcrumbList","@id":"https:\/\/laicitequebec.org\/?p=853#breadcrumb","itemListElement":[{"@type":"ListItem","position":1,"name":"Accueil","item":"https:\/\/laicitequebec.org\/"},{"@type":"ListItem","position":2,"name":"Les Qu\u00e9b\u00e9cois, ces chiens enrag\u00e9s"}]},{"@type":"WebSite","@id":"https:\/\/laicitequebec.org\/#website","url":"https:\/\/laicitequebec.org\/","name":"Laicit\u00e9 Qu\u00e9bec","description":"Pour la la\u00efcit\u00e9 au Qu\u00e9bec","publisher":{"@id":"https:\/\/laicitequebec.org\/#organization"},"potentialAction":[{"@type":"SearchAction","target":{"@type":"EntryPoint","urlTemplate":"https:\/\/laicitequebec.org\/?s={search_term_string}"},"query-input":{"@type":"PropertyValueSpecification","valueRequired":true,"valueName":"search_term_string"}}],"inLanguage":"fr-FR"},{"@type":"Organization","@id":"https:\/\/laicitequebec.org\/#organization","name":"Rassemblement pour la laicit\u00e9","url":"https:\/\/laicitequebec.org\/","logo":{"@type":"ImageObject","inLanguage":"fr-FR","@id":"https:\/\/laicitequebec.org\/#\/schema\/logo\/image\/","url":"https:\/\/laicitequebec.org\/wp-content\/uploads\/2020\/11\/cropped-Rassemblement-pour-la-laicite.png","contentUrl":"https:\/\/laicitequebec.org\/wp-content\/uploads\/2020\/11\/cropped-Rassemblement-pour-la-laicite.png","width":143,"height":142,"caption":"Rassemblement pour la laicit\u00e9"},"image":{"@id":"https:\/\/laicitequebec.org\/#\/schema\/logo\/image\/"},"sameAs":["https:\/\/laicitequebec.org\/qui-sommes-nous\/","https:\/\/x.com\/RPLQuebec"]},{"@type":"Person","@id":"https:\/\/laicitequebec.org\/#\/schema\/person\/bfdceea5d5a8d0c651ba9252c550adf7","name":"laicitequebec","image":{"@type":"ImageObject","inLanguage":"fr-FR","@id":"https:\/\/secure.gravatar.com\/avatar\/73b396d569afdc2a27c16aa8d46d0b0e20f5e2ea590ab52f22194fcc228f9f94?s=96&d=mm&r=g","url":"https:\/\/secure.gravatar.com\/avatar\/73b396d569afdc2a27c16aa8d46d0b0e20f5e2ea590ab52f22194fcc228f9f94?s=96&d=mm&r=g","contentUrl":"https:\/\/secure.gravatar.com\/avatar\/73b396d569afdc2a27c16aa8d46d0b0e20f5e2ea590ab52f22194fcc228f9f94?s=96&d=mm&r=g","caption":"laicitequebec"}}]}},"_links":{"self":[{"href":"https:\/\/laicitequebec.org\/index.php?rest_route=\/wp\/v2\/posts\/853","targetHints":{"allow":["GET"]}}],"collection":[{"href":"https:\/\/laicitequebec.org\/index.php?rest_route=\/wp\/v2\/posts"}],"about":[{"href":"https:\/\/laicitequebec.org\/index.php?rest_route=\/wp\/v2\/types\/post"}],"author":[{"embeddable":true,"href":"https:\/\/laicitequebec.org\/index.php?rest_route=\/wp\/v2\/users\/1"}],"replies":[{"embeddable":true,"href":"https:\/\/laicitequebec.org\/index.php?rest_route=%2Fwp%2Fv2%2Fcomments&post=853"}],"version-history":[{"count":2,"href":"https:\/\/laicitequebec.org\/index.php?rest_route=\/wp\/v2\/posts\/853\/revisions"}],"predecessor-version":[{"id":855,"href":"https:\/\/laicitequebec.org\/index.php?rest_route=\/wp\/v2\/posts\/853\/revisions\/855"}],"wp:attachment":[{"href":"https:\/\/laicitequebec.org\/index.php?rest_route=%2Fwp%2Fv2%2Fmedia&parent=853"}],"wp:term":[{"taxonomy":"category","embeddable":true,"href":"https:\/\/laicitequebec.org\/index.php?rest_route=%2Fwp%2Fv2%2Fcategories&post=853"},{"taxonomy":"post_tag","embeddable":true,"href":"https:\/\/laicitequebec.org\/index.php?rest_route=%2Fwp%2Fv2%2Ftags&post=853"}],"curies":[{"name":"wp","href":"https:\/\/api.w.org\/{rel}","templated":true}]}}