{"id":890,"date":"2020-12-09T05:38:08","date_gmt":"2020-12-09T05:38:08","guid":{"rendered":"https:\/\/laicitequebec.org\/?p=890"},"modified":"2020-12-09T05:50:56","modified_gmt":"2020-12-09T05:50:56","slug":"les-grands-enjeux-du-proces-contre-la-loi-21-entretien-avec-frederic-bastien","status":"publish","type":"post","link":"https:\/\/laicitequebec.org\/?p=890","title":{"rendered":"Les grands enjeux du proc\u00e8s contre la loi 21 : entretien avec Fr\u00e9d\u00e9ric Bastien"},"content":{"rendered":"<p><a href=\"https:\/\/omny.fm\/shows\/les-idees-menent-le-monde\/les-grands-enjeux-du-proc-s-contre-la-loi-21-entre?fbclid=IwAR1Zj0L92yyDSP22MTOEoA1FjujSbGKB8kK_7jzoq_Gs5Z-KSDmLnlXUfmk\" target=\"_blank\" rel=\"noopener noreferrer\"><img loading=\"lazy\" decoding=\"async\" class=\"size-medium wp-image-891 alignleft\" src=\"https:\/\/laicitequebec.org\/wp-content\/uploads\/2020\/12\/MBC-Les-Idees-menent-le-monde-300x300.png\" alt=\"\" width=\"300\" height=\"300\" srcset=\"https:\/\/laicitequebec.org\/wp-content\/uploads\/2020\/12\/MBC-Les-Idees-menent-le-monde-300x300.png 300w, https:\/\/laicitequebec.org\/wp-content\/uploads\/2020\/12\/MBC-Les-Idees-menent-le-monde-150x150.png 150w, https:\/\/laicitequebec.org\/wp-content\/uploads\/2020\/12\/MBC-Les-Idees-menent-le-monde-60x60.png 60w, https:\/\/laicitequebec.org\/wp-content\/uploads\/2020\/12\/MBC-Les-Idees-menent-le-monde-24x24.png 24w, https:\/\/laicitequebec.org\/wp-content\/uploads\/2020\/12\/MBC-Les-Idees-menent-le-monde-36x36.png 36w, https:\/\/laicitequebec.org\/wp-content\/uploads\/2020\/12\/MBC-Les-Idees-menent-le-monde-48x48.png 48w, https:\/\/laicitequebec.org\/wp-content\/uploads\/2020\/12\/MBC-Les-Idees-menent-le-monde.png 607w\" sizes=\"auto, (max-width: 300px) 100vw, 300px\" \/><\/a><em>8 d\u00e9c. 2020<\/em><\/p>\n<p>Une excellente entrevue avec <strong>l\u2019historien Fr\u00e9d\u00e9ric Bastien<\/strong> sur le proc\u00e8s contre la Loi 21.<\/p>\n<p>Apr\u00e8s des ann\u00e9es de d\u00e9bats et de controverses, le Qu\u00e9bec s\u2019est dot\u00e9, en 2019, d\u2019une Charte de la la\u00efcit\u00e9, qu\u2019on appelle aussi la loi 21. Cette loi est aujourd\u2019hui mise en proc\u00e8s et train\u00e9e devant les tribunaux. \u00c0 travers ce proc\u00e8s s\u2019expriment deux conceptions manifestement contradictoires de la d\u00e9mocratie, du droit et de la soci\u00e9t\u00e9. Au-del\u00e0 de son caract\u00e8re technique, il importe de comprendre les grands enjeux qu\u2019il r\u00e9v\u00e8le. Pour en parler, je re\u00e7ois l\u2019historien Fr\u00e9d\u00e9ric Bastien.<br \/>\n<strong>Par Mathieu Bock-C\u00f4t\u00e9<\/strong><\/p>\n<p><a href=\"https:\/\/omny.fm\/shows\/les-idees-menent-le-monde\/les-grands-enjeux-du-proc-s-contre-la-loi-21-entre?fbclid=IwAR1Zj0L92yyDSP22MTOEoA1FjujSbGKB8kK_7jzoq_Gs5Z-KSDmLnlXUfmk\" target=\"_blank\" rel=\"noopener noreferrer\">\u00c9couter la suite sur Les id\u00e9es m\u00e8nent le monde\u00a0<\/a><\/p>\n","protected":false},"excerpt":{"rendered":"<p>8 d\u00e9c. 2020 Une excellente entrevue avec l\u2019historien Fr\u00e9d\u00e9ric Bastien sur le proc\u00e8s contre la Loi 21. Apr\u00e8s des ann\u00e9es de d\u00e9bats et de controverses, le Qu\u00e9bec s\u2019est dot\u00e9, en 2019, d\u2019une Charte de la la\u00efcit\u00e9, qu\u2019on appelle aussi la loi 21. Cette loi est aujourd\u2019hui mise en proc\u00e8s et train\u00e9e devant les tribunaux. \u00c0 [&hellip;]<\/p>\n","protected":false},"author":1,"featured_media":0,"comment_status":"closed","ping_status":"open","sticky":false,"template":"","format":"standard","meta":{"rop_custom_images_group":[],"rop_custom_messages_group":[],"rop_publish_now":"initial","rop_publish_now_accounts":[],"rop_publish_now_history":[],"rop_publish_now_status":"pending","_monsterinsights_skip_tracking":false,"_monsterinsights_sitenote_active":false,"_monsterinsights_sitenote_note":"","_monsterinsights_sitenote_category":0,"_themeisle_gutenberg_block_has_review":false,"footnotes":""},"categories":[10],"tags":[],"class_list":["post-890","post","type-post","status-publish","format-standard","hentry","category-dans-les-medias"],"yoast_head":"<!-- This site is optimized with the Yoast SEO plugin v27.4 - https:\/\/yoast.com\/product\/yoast-seo-wordpress\/ -->\n<title>Les grands enjeux du proc\u00e8s contre la loi 21 : entretien avec Fr\u00e9d\u00e9ric Bastien - Rassemblement pour la la\u00efcit\u00e9 (RPL)<\/title>\n<meta name=\"robots\" content=\"index, follow, max-snippet:-1, max-image-preview:large, max-video-preview:-1\" \/>\n<link rel=\"canonical\" href=\"https:\/\/laicitequebec.org\/?p=890\" \/>\n<meta property=\"og:locale\" content=\"fr_FR\" \/>\n<meta property=\"og:type\" content=\"article\" \/>\n<meta property=\"og:title\" content=\"Les grands enjeux du proc\u00e8s contre la loi 21 : entretien avec Fr\u00e9d\u00e9ric Bastien - Rassemblement pour la la\u00efcit\u00e9 (RPL)\" \/>\n<meta property=\"og:description\" content=\"8 d\u00e9c. 2020 Une excellente entrevue avec l\u2019historien Fr\u00e9d\u00e9ric Bastien sur le proc\u00e8s contre la Loi 21. Apr\u00e8s des ann\u00e9es de d\u00e9bats et de controverses, le Qu\u00e9bec s\u2019est dot\u00e9, en 2019, d\u2019une Charte de la la\u00efcit\u00e9, qu\u2019on appelle aussi la loi 21. Cette loi est aujourd\u2019hui mise en proc\u00e8s et train\u00e9e devant les tribunaux. \u00c0 [&hellip;]\" \/>\n<meta property=\"og:url\" content=\"https:\/\/laicitequebec.org\/?p=890\" \/>\n<meta property=\"og:site_name\" content=\"Rassemblement pour la la\u00efcit\u00e9 (RPL)\" \/>\n<meta property=\"article:publisher\" content=\"https:\/\/laicitequebec.org\/qui-sommes-nous\/\" \/>\n<meta property=\"article:published_time\" content=\"2020-12-09T05:38:08+00:00\" \/>\n<meta property=\"article:modified_time\" content=\"2020-12-09T05:50:56+00:00\" \/>\n<meta property=\"og:image\" content=\"https:\/\/laicitequebec.org\/wp-content\/uploads\/2020\/12\/MBC-Les-Idees-menent-le-monde-300x300.png\" \/>\n<meta name=\"author\" content=\"laicitequebec\" \/>\n<meta name=\"twitter:card\" content=\"summary_large_image\" \/>\n<meta name=\"twitter:creator\" content=\"@RPLQuebec\" \/>\n<meta name=\"twitter:site\" content=\"@RPLQuebec\" \/>\n<meta name=\"twitter:label1\" content=\"\u00c9crit par\" \/>\n\t<meta name=\"twitter:data1\" content=\"laicitequebec\" \/>\n\t<meta name=\"twitter:label2\" content=\"Dur\u00e9e de lecture estim\u00e9e\" \/>\n\t<meta name=\"twitter:data2\" content=\"1 minute\" \/>\n<script type=\"application\/ld+json\" class=\"yoast-schema-graph\">{\"@context\":\"https:\\\/\\\/schema.org\",\"@graph\":[{\"@type\":\"Article\",\"@id\":\"https:\\\/\\\/laicitequebec.org\\\/?p=890#article\",\"isPartOf\":{\"@id\":\"https:\\\/\\\/laicitequebec.org\\\/?p=890\"},\"author\":{\"name\":\"laicitequebec\",\"@id\":\"https:\\\/\\\/laicitequebec.org\\\/#\\\/schema\\\/person\\\/bfdceea5d5a8d0c651ba9252c550adf7\"},\"headline\":\"Les grands enjeux du proc\u00e8s contre la loi 21 : entretien avec Fr\u00e9d\u00e9ric Bastien\",\"datePublished\":\"2020-12-09T05:38:08+00:00\",\"dateModified\":\"2020-12-09T05:50:56+00:00\",\"mainEntityOfPage\":{\"@id\":\"https:\\\/\\\/laicitequebec.org\\\/?p=890\"},\"wordCount\":146,\"publisher\":{\"@id\":\"https:\\\/\\\/laicitequebec.org\\\/#organization\"},\"image\":{\"@id\":\"https:\\\/\\\/laicitequebec.org\\\/?p=890#primaryimage\"},\"thumbnailUrl\":\"https:\\\/\\\/laicitequebec.org\\\/wp-content\\\/uploads\\\/2020\\\/12\\\/MBC-Les-Idees-menent-le-monde-300x300.png\",\"articleSection\":[\"Dans les m\u00e9dias\"],\"inLanguage\":\"fr-FR\"},{\"@type\":\"WebPage\",\"@id\":\"https:\\\/\\\/laicitequebec.org\\\/?p=890\",\"url\":\"https:\\\/\\\/laicitequebec.org\\\/?p=890\",\"name\":\"Les grands enjeux du proc\u00e8s contre la loi 21 : entretien avec Fr\u00e9d\u00e9ric Bastien - Rassemblement pour la la\u00efcit\u00e9 (RPL)\",\"isPartOf\":{\"@id\":\"https:\\\/\\\/laicitequebec.org\\\/#website\"},\"primaryImageOfPage\":{\"@id\":\"https:\\\/\\\/laicitequebec.org\\\/?p=890#primaryimage\"},\"image\":{\"@id\":\"https:\\\/\\\/laicitequebec.org\\\/?p=890#primaryimage\"},\"thumbnailUrl\":\"https:\\\/\\\/laicitequebec.org\\\/wp-content\\\/uploads\\\/2020\\\/12\\\/MBC-Les-Idees-menent-le-monde-300x300.png\",\"datePublished\":\"2020-12-09T05:38:08+00:00\",\"dateModified\":\"2020-12-09T05:50:56+00:00\",\"breadcrumb\":{\"@id\":\"https:\\\/\\\/laicitequebec.org\\\/?p=890#breadcrumb\"},\"inLanguage\":\"fr-FR\",\"potentialAction\":[{\"@type\":\"ReadAction\",\"target\":[\"https:\\\/\\\/laicitequebec.org\\\/?p=890\"]}]},{\"@type\":\"ImageObject\",\"inLanguage\":\"fr-FR\",\"@id\":\"https:\\\/\\\/laicitequebec.org\\\/?p=890#primaryimage\",\"url\":\"https:\\\/\\\/laicitequebec.org\\\/wp-content\\\/uploads\\\/2020\\\/12\\\/MBC-Les-Idees-menent-le-monde-300x300.png\",\"contentUrl\":\"https:\\\/\\\/laicitequebec.org\\\/wp-content\\\/uploads\\\/2020\\\/12\\\/MBC-Les-Idees-menent-le-monde-300x300.png\"},{\"@type\":\"BreadcrumbList\",\"@id\":\"https:\\\/\\\/laicitequebec.org\\\/?p=890#breadcrumb\",\"itemListElement\":[{\"@type\":\"ListItem\",\"position\":1,\"name\":\"Accueil\",\"item\":\"https:\\\/\\\/laicitequebec.org\\\/\"},{\"@type\":\"ListItem\",\"position\":2,\"name\":\"Les grands enjeux du proc\u00e8s contre la loi 21 : entretien avec Fr\u00e9d\u00e9ric Bastien\"}]},{\"@type\":\"WebSite\",\"@id\":\"https:\\\/\\\/laicitequebec.org\\\/#website\",\"url\":\"https:\\\/\\\/laicitequebec.org\\\/\",\"name\":\"Laicit\u00e9 Qu\u00e9bec\",\"description\":\"Pour la la\u00efcit\u00e9 au Qu\u00e9bec\",\"publisher\":{\"@id\":\"https:\\\/\\\/laicitequebec.org\\\/#organization\"},\"potentialAction\":[{\"@type\":\"SearchAction\",\"target\":{\"@type\":\"EntryPoint\",\"urlTemplate\":\"https:\\\/\\\/laicitequebec.org\\\/?s={search_term_string}\"},\"query-input\":{\"@type\":\"PropertyValueSpecification\",\"valueRequired\":true,\"valueName\":\"search_term_string\"}}],\"inLanguage\":\"fr-FR\"},{\"@type\":\"Organization\",\"@id\":\"https:\\\/\\\/laicitequebec.org\\\/#organization\",\"name\":\"Rassemblement pour la laicit\u00e9\",\"url\":\"https:\\\/\\\/laicitequebec.org\\\/\",\"logo\":{\"@type\":\"ImageObject\",\"inLanguage\":\"fr-FR\",\"@id\":\"https:\\\/\\\/laicitequebec.org\\\/#\\\/schema\\\/logo\\\/image\\\/\",\"url\":\"https:\\\/\\\/laicitequebec.org\\\/wp-content\\\/uploads\\\/2020\\\/11\\\/cropped-Rassemblement-pour-la-laicite.png\",\"contentUrl\":\"https:\\\/\\\/laicitequebec.org\\\/wp-content\\\/uploads\\\/2020\\\/11\\\/cropped-Rassemblement-pour-la-laicite.png\",\"width\":143,\"height\":142,\"caption\":\"Rassemblement pour la laicit\u00e9\"},\"image\":{\"@id\":\"https:\\\/\\\/laicitequebec.org\\\/#\\\/schema\\\/logo\\\/image\\\/\"},\"sameAs\":[\"https:\\\/\\\/laicitequebec.org\\\/qui-sommes-nous\\\/\",\"https:\\\/\\\/x.com\\\/RPLQuebec\"]},{\"@type\":\"Person\",\"@id\":\"https:\\\/\\\/laicitequebec.org\\\/#\\\/schema\\\/person\\\/bfdceea5d5a8d0c651ba9252c550adf7\",\"name\":\"laicitequebec\",\"image\":{\"@type\":\"ImageObject\",\"inLanguage\":\"fr-FR\",\"@id\":\"https:\\\/\\\/secure.gravatar.com\\\/avatar\\\/73b396d569afdc2a27c16aa8d46d0b0e20f5e2ea590ab52f22194fcc228f9f94?s=96&d=mm&r=g\",\"url\":\"https:\\\/\\\/secure.gravatar.com\\\/avatar\\\/73b396d569afdc2a27c16aa8d46d0b0e20f5e2ea590ab52f22194fcc228f9f94?s=96&d=mm&r=g\",\"contentUrl\":\"https:\\\/\\\/secure.gravatar.com\\\/avatar\\\/73b396d569afdc2a27c16aa8d46d0b0e20f5e2ea590ab52f22194fcc228f9f94?s=96&d=mm&r=g\",\"caption\":\"laicitequebec\"}}]}<\/script>\n<!-- \/ Yoast SEO plugin. -->","yoast_head_json":{"title":"Les grands enjeux du proc\u00e8s contre la loi 21 : entretien avec Fr\u00e9d\u00e9ric Bastien - Rassemblement pour la la\u00efcit\u00e9 (RPL)","robots":{"index":"index","follow":"follow","max-snippet":"max-snippet:-1","max-image-preview":"max-image-preview:large","max-video-preview":"max-video-preview:-1"},"canonical":"https:\/\/laicitequebec.org\/?p=890","og_locale":"fr_FR","og_type":"article","og_title":"Les grands enjeux du proc\u00e8s contre la loi 21 : entretien avec Fr\u00e9d\u00e9ric Bastien - Rassemblement pour la la\u00efcit\u00e9 (RPL)","og_description":"8 d\u00e9c. 2020 Une excellente entrevue avec l\u2019historien Fr\u00e9d\u00e9ric Bastien sur le proc\u00e8s contre la Loi 21. Apr\u00e8s des ann\u00e9es de d\u00e9bats et de controverses, le Qu\u00e9bec s\u2019est dot\u00e9, en 2019, d\u2019une Charte de la la\u00efcit\u00e9, qu\u2019on appelle aussi la loi 21. Cette loi est aujourd\u2019hui mise en proc\u00e8s et train\u00e9e devant les tribunaux. \u00c0 [&hellip;]","og_url":"https:\/\/laicitequebec.org\/?p=890","og_site_name":"Rassemblement pour la la\u00efcit\u00e9 (RPL)","article_publisher":"https:\/\/laicitequebec.org\/qui-sommes-nous\/","article_published_time":"2020-12-09T05:38:08+00:00","article_modified_time":"2020-12-09T05:50:56+00:00","og_image":[{"url":"https:\/\/laicitequebec.org\/wp-content\/uploads\/2020\/12\/MBC-Les-Idees-menent-le-monde-300x300.png","type":"","width":"","height":""}],"author":"laicitequebec","twitter_card":"summary_large_image","twitter_creator":"@RPLQuebec","twitter_site":"@RPLQuebec","twitter_misc":{"\u00c9crit par":"laicitequebec","Dur\u00e9e de lecture estim\u00e9e":"1 minute"},"schema":{"@context":"https:\/\/schema.org","@graph":[{"@type":"Article","@id":"https:\/\/laicitequebec.org\/?p=890#article","isPartOf":{"@id":"https:\/\/laicitequebec.org\/?p=890"},"author":{"name":"laicitequebec","@id":"https:\/\/laicitequebec.org\/#\/schema\/person\/bfdceea5d5a8d0c651ba9252c550adf7"},"headline":"Les grands enjeux du proc\u00e8s contre la loi 21 : entretien avec Fr\u00e9d\u00e9ric Bastien","datePublished":"2020-12-09T05:38:08+00:00","dateModified":"2020-12-09T05:50:56+00:00","mainEntityOfPage":{"@id":"https:\/\/laicitequebec.org\/?p=890"},"wordCount":146,"publisher":{"@id":"https:\/\/laicitequebec.org\/#organization"},"image":{"@id":"https:\/\/laicitequebec.org\/?p=890#primaryimage"},"thumbnailUrl":"https:\/\/laicitequebec.org\/wp-content\/uploads\/2020\/12\/MBC-Les-Idees-menent-le-monde-300x300.png","articleSection":["Dans les m\u00e9dias"],"inLanguage":"fr-FR"},{"@type":"WebPage","@id":"https:\/\/laicitequebec.org\/?p=890","url":"https:\/\/laicitequebec.org\/?p=890","name":"Les grands enjeux du proc\u00e8s contre la loi 21 : entretien avec Fr\u00e9d\u00e9ric Bastien - Rassemblement pour la la\u00efcit\u00e9 (RPL)","isPartOf":{"@id":"https:\/\/laicitequebec.org\/#website"},"primaryImageOfPage":{"@id":"https:\/\/laicitequebec.org\/?p=890#primaryimage"},"image":{"@id":"https:\/\/laicitequebec.org\/?p=890#primaryimage"},"thumbnailUrl":"https:\/\/laicitequebec.org\/wp-content\/uploads\/2020\/12\/MBC-Les-Idees-menent-le-monde-300x300.png","datePublished":"2020-12-09T05:38:08+00:00","dateModified":"2020-12-09T05:50:56+00:00","breadcrumb":{"@id":"https:\/\/laicitequebec.org\/?p=890#breadcrumb"},"inLanguage":"fr-FR","potentialAction":[{"@type":"ReadAction","target":["https:\/\/laicitequebec.org\/?p=890"]}]},{"@type":"ImageObject","inLanguage":"fr-FR","@id":"https:\/\/laicitequebec.org\/?p=890#primaryimage","url":"https:\/\/laicitequebec.org\/wp-content\/uploads\/2020\/12\/MBC-Les-Idees-menent-le-monde-300x300.png","contentUrl":"https:\/\/laicitequebec.org\/wp-content\/uploads\/2020\/12\/MBC-Les-Idees-menent-le-monde-300x300.png"},{"@type":"BreadcrumbList","@id":"https:\/\/laicitequebec.org\/?p=890#breadcrumb","itemListElement":[{"@type":"ListItem","position":1,"name":"Accueil","item":"https:\/\/laicitequebec.org\/"},{"@type":"ListItem","position":2,"name":"Les grands enjeux du proc\u00e8s contre la loi 21 : entretien avec Fr\u00e9d\u00e9ric Bastien"}]},{"@type":"WebSite","@id":"https:\/\/laicitequebec.org\/#website","url":"https:\/\/laicitequebec.org\/","name":"Laicit\u00e9 Qu\u00e9bec","description":"Pour la la\u00efcit\u00e9 au Qu\u00e9bec","publisher":{"@id":"https:\/\/laicitequebec.org\/#organization"},"potentialAction":[{"@type":"SearchAction","target":{"@type":"EntryPoint","urlTemplate":"https:\/\/laicitequebec.org\/?s={search_term_string}"},"query-input":{"@type":"PropertyValueSpecification","valueRequired":true,"valueName":"search_term_string"}}],"inLanguage":"fr-FR"},{"@type":"Organization","@id":"https:\/\/laicitequebec.org\/#organization","name":"Rassemblement pour la laicit\u00e9","url":"https:\/\/laicitequebec.org\/","logo":{"@type":"ImageObject","inLanguage":"fr-FR","@id":"https:\/\/laicitequebec.org\/#\/schema\/logo\/image\/","url":"https:\/\/laicitequebec.org\/wp-content\/uploads\/2020\/11\/cropped-Rassemblement-pour-la-laicite.png","contentUrl":"https:\/\/laicitequebec.org\/wp-content\/uploads\/2020\/11\/cropped-Rassemblement-pour-la-laicite.png","width":143,"height":142,"caption":"Rassemblement pour la laicit\u00e9"},"image":{"@id":"https:\/\/laicitequebec.org\/#\/schema\/logo\/image\/"},"sameAs":["https:\/\/laicitequebec.org\/qui-sommes-nous\/","https:\/\/x.com\/RPLQuebec"]},{"@type":"Person","@id":"https:\/\/laicitequebec.org\/#\/schema\/person\/bfdceea5d5a8d0c651ba9252c550adf7","name":"laicitequebec","image":{"@type":"ImageObject","inLanguage":"fr-FR","@id":"https:\/\/secure.gravatar.com\/avatar\/73b396d569afdc2a27c16aa8d46d0b0e20f5e2ea590ab52f22194fcc228f9f94?s=96&d=mm&r=g","url":"https:\/\/secure.gravatar.com\/avatar\/73b396d569afdc2a27c16aa8d46d0b0e20f5e2ea590ab52f22194fcc228f9f94?s=96&d=mm&r=g","contentUrl":"https:\/\/secure.gravatar.com\/avatar\/73b396d569afdc2a27c16aa8d46d0b0e20f5e2ea590ab52f22194fcc228f9f94?s=96&d=mm&r=g","caption":"laicitequebec"}}]}},"_links":{"self":[{"href":"https:\/\/laicitequebec.org\/index.php?rest_route=\/wp\/v2\/posts\/890","targetHints":{"allow":["GET"]}}],"collection":[{"href":"https:\/\/laicitequebec.org\/index.php?rest_route=\/wp\/v2\/posts"}],"about":[{"href":"https:\/\/laicitequebec.org\/index.php?rest_route=\/wp\/v2\/types\/post"}],"author":[{"embeddable":true,"href":"https:\/\/laicitequebec.org\/index.php?rest_route=\/wp\/v2\/users\/1"}],"replies":[{"embeddable":true,"href":"https:\/\/laicitequebec.org\/index.php?rest_route=%2Fwp%2Fv2%2Fcomments&post=890"}],"version-history":[{"count":3,"href":"https:\/\/laicitequebec.org\/index.php?rest_route=\/wp\/v2\/posts\/890\/revisions"}],"predecessor-version":[{"id":896,"href":"https:\/\/laicitequebec.org\/index.php?rest_route=\/wp\/v2\/posts\/890\/revisions\/896"}],"wp:attachment":[{"href":"https:\/\/laicitequebec.org\/index.php?rest_route=%2Fwp%2Fv2%2Fmedia&parent=890"}],"wp:term":[{"taxonomy":"category","embeddable":true,"href":"https:\/\/laicitequebec.org\/index.php?rest_route=%2Fwp%2Fv2%2Fcategories&post=890"},{"taxonomy":"post_tag","embeddable":true,"href":"https:\/\/laicitequebec.org\/index.php?rest_route=%2Fwp%2Fv2%2Ftags&post=890"}],"curies":[{"name":"wp","href":"https:\/\/api.w.org\/{rel}","templated":true}]}}