{"id":897,"date":"2020-12-09T06:35:57","date_gmt":"2020-12-09T06:35:57","guid":{"rendered":"https:\/\/laicitequebec.org\/?p=897"},"modified":"2021-01-17T20:05:22","modified_gmt":"2021-01-17T20:05:22","slug":"condescendance-coloniale","status":"publish","type":"post","link":"https:\/\/laicitequebec.org\/?p=897","title":{"rendered":"Condescendance coloniale"},"content":{"rendered":"<p><a href=\"https:\/\/www.journaldemontreal.com\/2020\/12\/08\/condescendance-coloniale\" target=\"_blank\" rel=\"noopener noreferrer\"><img loading=\"lazy\" decoding=\"async\" class=\"size-medium wp-image-982 alignleft\" src=\"https:\/\/laicitequebec.org\/wp-content\/uploads\/2020\/12\/MBC-300x202.png\" alt=\"\" width=\"300\" height=\"202\" srcset=\"https:\/\/laicitequebec.org\/wp-content\/uploads\/2020\/12\/MBC-300x202.png 300w, https:\/\/laicitequebec.org\/wp-content\/uploads\/2020\/12\/MBC-768x517.png 768w, https:\/\/laicitequebec.org\/wp-content\/uploads\/2020\/12\/MBC-24x16.png 24w, https:\/\/laicitequebec.org\/wp-content\/uploads\/2020\/12\/MBC-36x24.png 36w, https:\/\/laicitequebec.org\/wp-content\/uploads\/2020\/12\/MBC-48x32.png 48w, https:\/\/laicitequebec.org\/wp-content\/uploads\/2020\/12\/MBC.png 936w\" sizes=\"auto, (max-width: 300px) 100vw, 300px\" \/><\/a><em>8 d\u00e9c. 2020<\/em><\/p>\n<p>\u00ab On peut aussi, comme on l\u2019a entendu au tribunal, affirmer qu\u2019un de nos sociologues les plus r\u00e9put\u00e9s venu pour t\u00e9moigner, n\u2019est pas qualifi\u00e9 pour le faire parce qu\u2019il est un homme blanc h\u00e9t\u00e9rosexuel de plus de 50 ans ne portant pas de signe religieux. Et c\u2019est au nom de l\u2019antiracisme qu\u2019on le disqualifiera \u00e0 cause de la couleur de sa peau&#8230; Quelle blague ! \u00bb<\/p>\n<p><strong>Par Mathieu Bock-C\u00f4t\u00e9<\/strong><br \/>\n<a href=\"https:\/\/www.journaldemontreal.com\/2020\/12\/08\/condescendance-coloniale\" target=\"_blank\" rel=\"noopener noreferrer\">Lire la suite dans le Journal de Montr\u00e9al\u00a0<\/a><\/p>\n","protected":false},"excerpt":{"rendered":"<p>8 d\u00e9c. 2020 \u00ab On peut aussi, comme on l\u2019a entendu au tribunal, affirmer qu\u2019un de nos sociologues les plus r\u00e9put\u00e9s venu pour t\u00e9moigner, n\u2019est pas qualifi\u00e9 pour le faire parce qu\u2019il est un homme blanc h\u00e9t\u00e9rosexuel de plus de 50 ans ne portant pas de signe religieux. Et c\u2019est au nom de l\u2019antiracisme qu\u2019on [&hellip;]<\/p>\n","protected":false},"author":1,"featured_media":0,"comment_status":"closed","ping_status":"open","sticky":false,"template":"","format":"standard","meta":{"rop_custom_images_group":[],"rop_custom_messages_group":[],"rop_publish_now":"initial","rop_publish_now_accounts":[],"rop_publish_now_history":[],"rop_publish_now_status":"pending","_monsterinsights_skip_tracking":false,"_monsterinsights_sitenote_active":false,"_monsterinsights_sitenote_note":"","_monsterinsights_sitenote_category":0,"_themeisle_gutenberg_block_has_review":false,"footnotes":""},"categories":[10],"tags":[],"class_list":["post-897","post","type-post","status-publish","format-standard","hentry","category-dans-les-medias"],"yoast_head":"<!-- This site is optimized with the Yoast SEO plugin v27.4 - https:\/\/yoast.com\/product\/yoast-seo-wordpress\/ -->\n<title>Condescendance coloniale - Rassemblement pour la la\u00efcit\u00e9 (RPL)<\/title>\n<meta name=\"robots\" content=\"index, follow, max-snippet:-1, max-image-preview:large, max-video-preview:-1\" \/>\n<link rel=\"canonical\" href=\"https:\/\/laicitequebec.org\/?p=897\" \/>\n<meta property=\"og:locale\" content=\"fr_FR\" \/>\n<meta property=\"og:type\" content=\"article\" \/>\n<meta property=\"og:title\" content=\"Condescendance coloniale - Rassemblement pour la la\u00efcit\u00e9 (RPL)\" \/>\n<meta property=\"og:description\" content=\"8 d\u00e9c. 2020 \u00ab On peut aussi, comme on l\u2019a entendu au tribunal, affirmer qu\u2019un de nos sociologues les plus r\u00e9put\u00e9s venu pour t\u00e9moigner, n\u2019est pas qualifi\u00e9 pour le faire parce qu\u2019il est un homme blanc h\u00e9t\u00e9rosexuel de plus de 50 ans ne portant pas de signe religieux. Et c\u2019est au nom de l\u2019antiracisme qu\u2019on [&hellip;]\" \/>\n<meta property=\"og:url\" content=\"https:\/\/laicitequebec.org\/?p=897\" \/>\n<meta property=\"og:site_name\" content=\"Rassemblement pour la la\u00efcit\u00e9 (RPL)\" \/>\n<meta property=\"article:publisher\" content=\"https:\/\/laicitequebec.org\/qui-sommes-nous\/\" \/>\n<meta property=\"article:published_time\" content=\"2020-12-09T06:35:57+00:00\" \/>\n<meta property=\"article:modified_time\" content=\"2021-01-17T20:05:22+00:00\" \/>\n<meta property=\"og:image\" content=\"https:\/\/laicitequebec.org\/wp-content\/uploads\/2020\/12\/MBC-300x202.png\" \/>\n<meta name=\"author\" content=\"laicitequebec\" \/>\n<meta name=\"twitter:card\" content=\"summary_large_image\" \/>\n<meta name=\"twitter:creator\" content=\"@RPLQuebec\" \/>\n<meta name=\"twitter:site\" content=\"@RPLQuebec\" \/>\n<meta name=\"twitter:label1\" content=\"\u00c9crit par\" \/>\n\t<meta name=\"twitter:data1\" content=\"laicitequebec\" \/>\n<script type=\"application\/ld+json\" class=\"yoast-schema-graph\">{\"@context\":\"https:\\\/\\\/schema.org\",\"@graph\":[{\"@type\":\"Article\",\"@id\":\"https:\\\/\\\/laicitequebec.org\\\/?p=897#article\",\"isPartOf\":{\"@id\":\"https:\\\/\\\/laicitequebec.org\\\/?p=897\"},\"author\":{\"name\":\"laicitequebec\",\"@id\":\"https:\\\/\\\/laicitequebec.org\\\/#\\\/schema\\\/person\\\/bfdceea5d5a8d0c651ba9252c550adf7\"},\"headline\":\"Condescendance coloniale\",\"datePublished\":\"2020-12-09T06:35:57+00:00\",\"dateModified\":\"2021-01-17T20:05:22+00:00\",\"mainEntityOfPage\":{\"@id\":\"https:\\\/\\\/laicitequebec.org\\\/?p=897\"},\"wordCount\":90,\"publisher\":{\"@id\":\"https:\\\/\\\/laicitequebec.org\\\/#organization\"},\"image\":{\"@id\":\"https:\\\/\\\/laicitequebec.org\\\/?p=897#primaryimage\"},\"thumbnailUrl\":\"https:\\\/\\\/laicitequebec.org\\\/wp-content\\\/uploads\\\/2020\\\/12\\\/MBC-300x202.png\",\"articleSection\":[\"Dans les m\u00e9dias\"],\"inLanguage\":\"fr-FR\"},{\"@type\":\"WebPage\",\"@id\":\"https:\\\/\\\/laicitequebec.org\\\/?p=897\",\"url\":\"https:\\\/\\\/laicitequebec.org\\\/?p=897\",\"name\":\"Condescendance coloniale - Rassemblement pour la la\u00efcit\u00e9 (RPL)\",\"isPartOf\":{\"@id\":\"https:\\\/\\\/laicitequebec.org\\\/#website\"},\"primaryImageOfPage\":{\"@id\":\"https:\\\/\\\/laicitequebec.org\\\/?p=897#primaryimage\"},\"image\":{\"@id\":\"https:\\\/\\\/laicitequebec.org\\\/?p=897#primaryimage\"},\"thumbnailUrl\":\"https:\\\/\\\/laicitequebec.org\\\/wp-content\\\/uploads\\\/2020\\\/12\\\/MBC-300x202.png\",\"datePublished\":\"2020-12-09T06:35:57+00:00\",\"dateModified\":\"2021-01-17T20:05:22+00:00\",\"breadcrumb\":{\"@id\":\"https:\\\/\\\/laicitequebec.org\\\/?p=897#breadcrumb\"},\"inLanguage\":\"fr-FR\",\"potentialAction\":[{\"@type\":\"ReadAction\",\"target\":[\"https:\\\/\\\/laicitequebec.org\\\/?p=897\"]}]},{\"@type\":\"ImageObject\",\"inLanguage\":\"fr-FR\",\"@id\":\"https:\\\/\\\/laicitequebec.org\\\/?p=897#primaryimage\",\"url\":\"https:\\\/\\\/laicitequebec.org\\\/wp-content\\\/uploads\\\/2020\\\/12\\\/MBC-300x202.png\",\"contentUrl\":\"https:\\\/\\\/laicitequebec.org\\\/wp-content\\\/uploads\\\/2020\\\/12\\\/MBC-300x202.png\"},{\"@type\":\"BreadcrumbList\",\"@id\":\"https:\\\/\\\/laicitequebec.org\\\/?p=897#breadcrumb\",\"itemListElement\":[{\"@type\":\"ListItem\",\"position\":1,\"name\":\"Accueil\",\"item\":\"https:\\\/\\\/laicitequebec.org\\\/\"},{\"@type\":\"ListItem\",\"position\":2,\"name\":\"Condescendance coloniale\"}]},{\"@type\":\"WebSite\",\"@id\":\"https:\\\/\\\/laicitequebec.org\\\/#website\",\"url\":\"https:\\\/\\\/laicitequebec.org\\\/\",\"name\":\"Laicit\u00e9 Qu\u00e9bec\",\"description\":\"Pour la la\u00efcit\u00e9 au Qu\u00e9bec\",\"publisher\":{\"@id\":\"https:\\\/\\\/laicitequebec.org\\\/#organization\"},\"potentialAction\":[{\"@type\":\"SearchAction\",\"target\":{\"@type\":\"EntryPoint\",\"urlTemplate\":\"https:\\\/\\\/laicitequebec.org\\\/?s={search_term_string}\"},\"query-input\":{\"@type\":\"PropertyValueSpecification\",\"valueRequired\":true,\"valueName\":\"search_term_string\"}}],\"inLanguage\":\"fr-FR\"},{\"@type\":\"Organization\",\"@id\":\"https:\\\/\\\/laicitequebec.org\\\/#organization\",\"name\":\"Rassemblement pour la laicit\u00e9\",\"url\":\"https:\\\/\\\/laicitequebec.org\\\/\",\"logo\":{\"@type\":\"ImageObject\",\"inLanguage\":\"fr-FR\",\"@id\":\"https:\\\/\\\/laicitequebec.org\\\/#\\\/schema\\\/logo\\\/image\\\/\",\"url\":\"https:\\\/\\\/laicitequebec.org\\\/wp-content\\\/uploads\\\/2020\\\/11\\\/cropped-Rassemblement-pour-la-laicite.png\",\"contentUrl\":\"https:\\\/\\\/laicitequebec.org\\\/wp-content\\\/uploads\\\/2020\\\/11\\\/cropped-Rassemblement-pour-la-laicite.png\",\"width\":143,\"height\":142,\"caption\":\"Rassemblement pour la laicit\u00e9\"},\"image\":{\"@id\":\"https:\\\/\\\/laicitequebec.org\\\/#\\\/schema\\\/logo\\\/image\\\/\"},\"sameAs\":[\"https:\\\/\\\/laicitequebec.org\\\/qui-sommes-nous\\\/\",\"https:\\\/\\\/x.com\\\/RPLQuebec\"]},{\"@type\":\"Person\",\"@id\":\"https:\\\/\\\/laicitequebec.org\\\/#\\\/schema\\\/person\\\/bfdceea5d5a8d0c651ba9252c550adf7\",\"name\":\"laicitequebec\",\"image\":{\"@type\":\"ImageObject\",\"inLanguage\":\"fr-FR\",\"@id\":\"https:\\\/\\\/secure.gravatar.com\\\/avatar\\\/73b396d569afdc2a27c16aa8d46d0b0e20f5e2ea590ab52f22194fcc228f9f94?s=96&d=mm&r=g\",\"url\":\"https:\\\/\\\/secure.gravatar.com\\\/avatar\\\/73b396d569afdc2a27c16aa8d46d0b0e20f5e2ea590ab52f22194fcc228f9f94?s=96&d=mm&r=g\",\"contentUrl\":\"https:\\\/\\\/secure.gravatar.com\\\/avatar\\\/73b396d569afdc2a27c16aa8d46d0b0e20f5e2ea590ab52f22194fcc228f9f94?s=96&d=mm&r=g\",\"caption\":\"laicitequebec\"}}]}<\/script>\n<!-- \/ Yoast SEO plugin. -->","yoast_head_json":{"title":"Condescendance coloniale - Rassemblement pour la la\u00efcit\u00e9 (RPL)","robots":{"index":"index","follow":"follow","max-snippet":"max-snippet:-1","max-image-preview":"max-image-preview:large","max-video-preview":"max-video-preview:-1"},"canonical":"https:\/\/laicitequebec.org\/?p=897","og_locale":"fr_FR","og_type":"article","og_title":"Condescendance coloniale - Rassemblement pour la la\u00efcit\u00e9 (RPL)","og_description":"8 d\u00e9c. 2020 \u00ab On peut aussi, comme on l\u2019a entendu au tribunal, affirmer qu\u2019un de nos sociologues les plus r\u00e9put\u00e9s venu pour t\u00e9moigner, n\u2019est pas qualifi\u00e9 pour le faire parce qu\u2019il est un homme blanc h\u00e9t\u00e9rosexuel de plus de 50 ans ne portant pas de signe religieux. Et c\u2019est au nom de l\u2019antiracisme qu\u2019on [&hellip;]","og_url":"https:\/\/laicitequebec.org\/?p=897","og_site_name":"Rassemblement pour la la\u00efcit\u00e9 (RPL)","article_publisher":"https:\/\/laicitequebec.org\/qui-sommes-nous\/","article_published_time":"2020-12-09T06:35:57+00:00","article_modified_time":"2021-01-17T20:05:22+00:00","og_image":[{"url":"https:\/\/laicitequebec.org\/wp-content\/uploads\/2020\/12\/MBC-300x202.png","type":"","width":"","height":""}],"author":"laicitequebec","twitter_card":"summary_large_image","twitter_creator":"@RPLQuebec","twitter_site":"@RPLQuebec","twitter_misc":{"\u00c9crit par":"laicitequebec"},"schema":{"@context":"https:\/\/schema.org","@graph":[{"@type":"Article","@id":"https:\/\/laicitequebec.org\/?p=897#article","isPartOf":{"@id":"https:\/\/laicitequebec.org\/?p=897"},"author":{"name":"laicitequebec","@id":"https:\/\/laicitequebec.org\/#\/schema\/person\/bfdceea5d5a8d0c651ba9252c550adf7"},"headline":"Condescendance coloniale","datePublished":"2020-12-09T06:35:57+00:00","dateModified":"2021-01-17T20:05:22+00:00","mainEntityOfPage":{"@id":"https:\/\/laicitequebec.org\/?p=897"},"wordCount":90,"publisher":{"@id":"https:\/\/laicitequebec.org\/#organization"},"image":{"@id":"https:\/\/laicitequebec.org\/?p=897#primaryimage"},"thumbnailUrl":"https:\/\/laicitequebec.org\/wp-content\/uploads\/2020\/12\/MBC-300x202.png","articleSection":["Dans les m\u00e9dias"],"inLanguage":"fr-FR"},{"@type":"WebPage","@id":"https:\/\/laicitequebec.org\/?p=897","url":"https:\/\/laicitequebec.org\/?p=897","name":"Condescendance coloniale - Rassemblement pour la la\u00efcit\u00e9 (RPL)","isPartOf":{"@id":"https:\/\/laicitequebec.org\/#website"},"primaryImageOfPage":{"@id":"https:\/\/laicitequebec.org\/?p=897#primaryimage"},"image":{"@id":"https:\/\/laicitequebec.org\/?p=897#primaryimage"},"thumbnailUrl":"https:\/\/laicitequebec.org\/wp-content\/uploads\/2020\/12\/MBC-300x202.png","datePublished":"2020-12-09T06:35:57+00:00","dateModified":"2021-01-17T20:05:22+00:00","breadcrumb":{"@id":"https:\/\/laicitequebec.org\/?p=897#breadcrumb"},"inLanguage":"fr-FR","potentialAction":[{"@type":"ReadAction","target":["https:\/\/laicitequebec.org\/?p=897"]}]},{"@type":"ImageObject","inLanguage":"fr-FR","@id":"https:\/\/laicitequebec.org\/?p=897#primaryimage","url":"https:\/\/laicitequebec.org\/wp-content\/uploads\/2020\/12\/MBC-300x202.png","contentUrl":"https:\/\/laicitequebec.org\/wp-content\/uploads\/2020\/12\/MBC-300x202.png"},{"@type":"BreadcrumbList","@id":"https:\/\/laicitequebec.org\/?p=897#breadcrumb","itemListElement":[{"@type":"ListItem","position":1,"name":"Accueil","item":"https:\/\/laicitequebec.org\/"},{"@type":"ListItem","position":2,"name":"Condescendance coloniale"}]},{"@type":"WebSite","@id":"https:\/\/laicitequebec.org\/#website","url":"https:\/\/laicitequebec.org\/","name":"Laicit\u00e9 Qu\u00e9bec","description":"Pour la la\u00efcit\u00e9 au Qu\u00e9bec","publisher":{"@id":"https:\/\/laicitequebec.org\/#organization"},"potentialAction":[{"@type":"SearchAction","target":{"@type":"EntryPoint","urlTemplate":"https:\/\/laicitequebec.org\/?s={search_term_string}"},"query-input":{"@type":"PropertyValueSpecification","valueRequired":true,"valueName":"search_term_string"}}],"inLanguage":"fr-FR"},{"@type":"Organization","@id":"https:\/\/laicitequebec.org\/#organization","name":"Rassemblement pour la laicit\u00e9","url":"https:\/\/laicitequebec.org\/","logo":{"@type":"ImageObject","inLanguage":"fr-FR","@id":"https:\/\/laicitequebec.org\/#\/schema\/logo\/image\/","url":"https:\/\/laicitequebec.org\/wp-content\/uploads\/2020\/11\/cropped-Rassemblement-pour-la-laicite.png","contentUrl":"https:\/\/laicitequebec.org\/wp-content\/uploads\/2020\/11\/cropped-Rassemblement-pour-la-laicite.png","width":143,"height":142,"caption":"Rassemblement pour la laicit\u00e9"},"image":{"@id":"https:\/\/laicitequebec.org\/#\/schema\/logo\/image\/"},"sameAs":["https:\/\/laicitequebec.org\/qui-sommes-nous\/","https:\/\/x.com\/RPLQuebec"]},{"@type":"Person","@id":"https:\/\/laicitequebec.org\/#\/schema\/person\/bfdceea5d5a8d0c651ba9252c550adf7","name":"laicitequebec","image":{"@type":"ImageObject","inLanguage":"fr-FR","@id":"https:\/\/secure.gravatar.com\/avatar\/73b396d569afdc2a27c16aa8d46d0b0e20f5e2ea590ab52f22194fcc228f9f94?s=96&d=mm&r=g","url":"https:\/\/secure.gravatar.com\/avatar\/73b396d569afdc2a27c16aa8d46d0b0e20f5e2ea590ab52f22194fcc228f9f94?s=96&d=mm&r=g","contentUrl":"https:\/\/secure.gravatar.com\/avatar\/73b396d569afdc2a27c16aa8d46d0b0e20f5e2ea590ab52f22194fcc228f9f94?s=96&d=mm&r=g","caption":"laicitequebec"}}]}},"_links":{"self":[{"href":"https:\/\/laicitequebec.org\/index.php?rest_route=\/wp\/v2\/posts\/897","targetHints":{"allow":["GET"]}}],"collection":[{"href":"https:\/\/laicitequebec.org\/index.php?rest_route=\/wp\/v2\/posts"}],"about":[{"href":"https:\/\/laicitequebec.org\/index.php?rest_route=\/wp\/v2\/types\/post"}],"author":[{"embeddable":true,"href":"https:\/\/laicitequebec.org\/index.php?rest_route=\/wp\/v2\/users\/1"}],"replies":[{"embeddable":true,"href":"https:\/\/laicitequebec.org\/index.php?rest_route=%2Fwp%2Fv2%2Fcomments&post=897"}],"version-history":[{"count":4,"href":"https:\/\/laicitequebec.org\/index.php?rest_route=\/wp\/v2\/posts\/897\/revisions"}],"predecessor-version":[{"id":984,"href":"https:\/\/laicitequebec.org\/index.php?rest_route=\/wp\/v2\/posts\/897\/revisions\/984"}],"wp:attachment":[{"href":"https:\/\/laicitequebec.org\/index.php?rest_route=%2Fwp%2Fv2%2Fmedia&parent=897"}],"wp:term":[{"taxonomy":"category","embeddable":true,"href":"https:\/\/laicitequebec.org\/index.php?rest_route=%2Fwp%2Fv2%2Fcategories&post=897"},{"taxonomy":"post_tag","embeddable":true,"href":"https:\/\/laicitequebec.org\/index.php?rest_route=%2Fwp%2Fv2%2Ftags&post=897"}],"curies":[{"name":"wp","href":"https:\/\/api.w.org\/{rel}","templated":true}]}}